{"id":62140,"date":"2019-08-20T19:28:52","date_gmt":"2019-08-20T16:28:52","guid":{"rendered":"https:\/\/www.giurgiuveanul.ro\/stiri\/?p=62140"},"modified":"2019-08-20T19:28:52","modified_gmt":"2019-08-20T16:28:52","slug":"compania-tarom-pastreaza-traditia-si-participa-la-cel-mai-mare-show-aviatic-bias-2019","status":"publish","type":"post","link":"https:\/\/www.giurgiuveanul.ro\/stiri\/compania-tarom-pastreaza-traditia-si-participa-la-cel-mai-mare-show-aviatic-bias-2019\/","title":{"rendered":"Compania TAROM p\u0103streaz\u0103 tradi\u0163ia \u015fi particip\u0103 la cel mai mare show aviatic &#8211; BIAS 2019!"},"content":{"rendered":"<p style=\"text-align: justify;\"><strong><a href=\"https:\/\/www.giurgiuveanul.ro\/stiri\/wp-content\/uploads\/2019\/08\/69286156_10156324167762483_3138703057001381888_o.jpg\"><img loading=\"lazy\" decoding=\"async\" class=\"aligncenter size-large wp-image-62141\" src=\"https:\/\/www.giurgiuveanul.ro\/stiri\/wp-content\/uploads\/2019\/08\/69286156_10156324167762483_3138703057001381888_o-560x373.jpg\" alt=\"69286156_10156324167762483_3138703057001381888_o\" width=\"560\" height=\"373\" srcset=\"https:\/\/www.giurgiuveanul.ro\/stiri\/wp-content\/uploads\/2019\/08\/69286156_10156324167762483_3138703057001381888_o-560x373.jpg 560w, https:\/\/www.giurgiuveanul.ro\/stiri\/wp-content\/uploads\/2019\/08\/69286156_10156324167762483_3138703057001381888_o-250x167.jpg 250w, https:\/\/www.giurgiuveanul.ro\/stiri\/wp-content\/uploads\/2019\/08\/69286156_10156324167762483_3138703057001381888_o-400x267.jpg 400w, https:\/\/www.giurgiuveanul.ro\/stiri\/wp-content\/uploads\/2019\/08\/69286156_10156324167762483_3138703057001381888_o.jpg 2048w\" sizes=\"auto, (max-width: 560px) 100vw, 560px\" \/><\/a>Compania TAROM are pl\u0103cerea de a v\u0103 anun\u0163\u0103 participarea,<!--more--> s\u00e2mbat\u0103, 24 August 2019, la o nou\u0103 edi\u0163ie a celui mai impresionant spectacol de for\u0163\u0103 aerian\u0103, vitez\u0103 \u015fi precizie.<\/strong><\/p>\n<p style=\"text-align: justify;\">Dac\u0103 v\u0103 plac avioanele \u015fi show-urile aeriene, avem o veste bun\u0103: v\u0103 pute\u0163i face planul pentru urm\u0103torul sf\u00e2r\u015fit de s\u0103pt\u0103m\u00e2n\u0103! Astfel, nu trebuie sa rata\u0163i BIAS 2019 &#8211; cel mai mare eveniment de acest gen din Romania, pentru o poveste cu aripi \u00een zbor. \u015ei nu numai! C\u0103ci de data aceasta, TAROM va fi prezent, \u00een premier\u0103 absolut\u0103 cu dou\u0103 surprize!<\/p>\n<p style=\"text-align: justify;\">A\u015fadar, pentru iubitorii de avia\u0163ie \u015fi to\u0163i cei prezen\u0163i la cel mai important spectacol aviatic din \u0163ara noastr\u0103, totul este preg\u0103tit p\u00e2n\u0103 la cele mai mici detalii pentru cel mai a\u015fteptat moment al zilei, c\u00e2nd pilo\u0163ii <strong>Alfred Ghergan<\/strong> (Pilot \u015eef TAROM, pilot comandant instructor, examinator pe A318) \u015fi\u00a0 <strong>Cristian Dona<\/strong> (Director de Trainig TAROM, pilot instructor, examinator pe A318) vor br\u0103zda cerul \u00een lung \u015fi-n lat cu o aeronav\u0103 de transport &#8211; Airbus A318\u00a0 \u015fi vor executa cu m\u0103iestrie \u015fi siguran\u0163\u0103 manevre care promitem s\u0103 nu v\u0103 dezam\u0103geasc\u0103, ba mai mult, s\u0103 v\u0103 st\u00e2rnasc\u0103 din nou sunete de admira\u0163ie.<\/p>\n<p style=\"text-align: justify;\">Cea de-a doua surpriz\u0103 vine odat\u0103 cu expozi\u0163ia static\u0103 din cadrul evenimentului, unde pe l\u00e2ng\u0103 spectacolul de pe cer, Compania TAROM va fi prezent\u0103 cu un stand, unde va putea fi admirat\u0103 o aeronav\u0103 de tip ATR 72-600. Mai precis, este vorba despre o aeronav\u0103 de prezentare pus\u0103 la dispozi\u0163ie de c\u0103tre ATR special pentru acest eveniment cu scopul de a v\u0103 expune, \u00een avanpremier\u0103, aeronava care urmeaz\u0103 s\u0103 fie parte din flota companiei aeriene na\u0163ionale.<\/p>\n<p style=\"text-align: justify;\">Mai mult dec\u00e2t at\u00e2t, o alt\u0103 veste bun\u0103 este c\u0103 aeronava va putea fi vizitat\u0103 \u015fi explorat\u0103\u00a0 \u00eendeaproape de c\u0103tre cei interesa\u0163i, ba chiar fotografiat\u0103.<\/p>\n<p style=\"text-align: justify;\">V\u0103 a\u015ftept\u0103m cu drag, fie c\u0103 sunte\u0163i pasiona\u0163i de avia\u0163ie sau pur \u015fi simplu dori\u0163i s\u0103 afla\u0163i mai multe despre acest domeniu de la cei care desf\u0103\u015foar\u0103 zi de zi aceast\u0103 activitate, \u015fi v\u0103 promitem o amintire de neuitat la stand-ul nostru!<\/p>\n","protected":false},"excerpt":{"rendered":"<p>Compania TAROM are pl\u0103cerea de a v\u0103 anun\u0163\u0103 participarea,<\/p>\n","protected":false},"author":1,"featured_media":0,"comment_status":"open","ping_status":"open","sticky":false,"template":"","format":"standard","meta":{"footnotes":""},"categories":[6],"tags":[],"class_list":["post-62140","post","type-post","status-publish","format-standard","hentry","category-breaking-news"],"_links":{"self":[{"href":"https:\/\/www.giurgiuveanul.ro\/stiri\/wp-json\/wp\/v2\/posts\/62140","targetHints":{"allow":["GET"]}}],"collection":[{"href":"https:\/\/www.giurgiuveanul.ro\/stiri\/wp-json\/wp\/v2\/posts"}],"about":[{"href":"https:\/\/www.giurgiuveanul.ro\/stiri\/wp-json\/wp\/v2\/types\/post"}],"author":[{"embeddable":true,"href":"https:\/\/www.giurgiuveanul.ro\/stiri\/wp-json\/wp\/v2\/users\/1"}],"replies":[{"embeddable":true,"href":"https:\/\/www.giurgiuveanul.ro\/stiri\/wp-json\/wp\/v2\/comments?post=62140"}],"version-history":[{"count":0,"href":"https:\/\/www.giurgiuveanul.ro\/stiri\/wp-json\/wp\/v2\/posts\/62140\/revisions"}],"wp:attachment":[{"href":"https:\/\/www.giurgiuveanul.ro\/stiri\/wp-json\/wp\/v2\/media?parent=62140"}],"wp:term":[{"taxonomy":"category","embeddable":true,"href":"https:\/\/www.giurgiuveanul.ro\/stiri\/wp-json\/wp\/v2\/categories?post=62140"},{"taxonomy":"post_tag","embeddable":true,"href":"https:\/\/www.giurgiuveanul.ro\/stiri\/wp-json\/wp\/v2\/tags?post=62140"}],"curies":[{"name":"wp","href":"https:\/\/api.w.org\/{rel}","templated":true}]}}