{"id":62143,"date":"2019-08-20T19:53:59","date_gmt":"2019-08-20T16:53:59","guid":{"rendered":"https:\/\/www.giurgiuveanul.ro\/stiri\/?p=62143"},"modified":"2019-08-20T19:55:21","modified_gmt":"2019-08-20T16:55:21","slug":"atentie-radioactiv-deasupra-romaniei-comisia-europeana-reactionat","status":"publish","type":"post","link":"https:\/\/www.giurgiuveanul.ro\/stiri\/atentie-radioactiv-deasupra-romaniei-comisia-europeana-reactionat\/","title":{"rendered":"Aten\u021bie! Nor radioactiv deasupra Rom\u00e2niei! Comisia European\u0103 a reac\u021bionat!"},"content":{"rendered":"<p style=\"text-align: justify;\"><strong><a href=\"https:\/\/www.giurgiuveanul.ro\/stiri\/wp-content\/uploads\/2019\/08\/nor-radioactiv-romania.jpg\"><img loading=\"lazy\" decoding=\"async\" class=\"size-large wp-image-62144 aligncenter\" src=\"https:\/\/www.giurgiuveanul.ro\/stiri\/wp-content\/uploads\/2019\/08\/nor-radioactiv-romania-560x388.jpg\" alt=\"nor-radioactiv-romania\" width=\"560\" height=\"388\" srcset=\"https:\/\/www.giurgiuveanul.ro\/stiri\/wp-content\/uploads\/2019\/08\/nor-radioactiv-romania-560x388.jpg 560w, https:\/\/www.giurgiuveanul.ro\/stiri\/wp-content\/uploads\/2019\/08\/nor-radioactiv-romania-250x173.jpg 250w, https:\/\/www.giurgiuveanul.ro\/stiri\/wp-content\/uploads\/2019\/08\/nor-radioactiv-romania-400x277.jpg 400w, https:\/\/www.giurgiuveanul.ro\/stiri\/wp-content\/uploads\/2019\/08\/nor-radioactiv-romania.jpg 1200w\" sizes=\"auto, (max-width: 560px) 100vw, 560px\" \/><\/a><\/strong><\/p>\n<p style=\"text-align: justify;\"><strong>Rom\u00e2nii sunt \u00een alert\u0103, dup\u0103 ce<!--more--> vestea c\u0103 un nor radioactiv va ajunge deasupra \u0163\u0103rii noastre. Este vorba despre un nor format \u00een urma exploziei de zilele trecute, de la centrala nuclear\u0103 din Rusia.<\/strong><\/p>\n<p style=\"text-align: justify;\">Pe re\u0163elele de socializare circul\u0103 chiar informa\u0163ii despre c\u00e2t de nociv este un asemenea aer care con\u0163ine cantit\u0103\u0163i uria\u015fe de ruteniu.<\/p>\n<p style=\"text-align: justify;\">Autorit\u0103\u0163ile na\u0163ionale infirm\u0103 \u00eens\u0103 toate zvonurile \u015fi spun c\u0103 nu exist\u0103 risc radiologic.<\/p>\n<p style=\"text-align: justify;\"><em>\u201e\u00cen ceea ce prive\u0219te informa\u021biile ap\u0103rute \u00een spa\u021biul public, referitoare la posibila prezen\u021b\u0103 a unui nor radioactiv deasupra Rom\u00e2niei, Inspectoratul General pentru Situa\u021bii de Urgen\u0163\u0103 (IGSU), Comisia Na\u021bional\u0103 pentru Controlul Activit\u0103\u021bilor Nucleare (CNCAN) \u0219i Agen\u021bia Na\u021bional\u0103 pentru Protec\u021bia Mediului (ANPM) aduc \u00een aten\u021bia opiniei publice faptul c\u0103 nu exist\u0103 date care s\u0103 confirme sau s\u0103 indice existen\u021ba unor factori de risc radiologic pentru popula\u021bia de pe teritoriul Rom\u00e2niei sau mediu care s\u0103 impun\u0103 luarea unor m\u0103suri de r\u0103spuns.\u00a0Agen\u021bia Na\u021bional\u0103 pentru Protec\u021bia Mediului realizeaz\u0103 \u00een permanen\u021b\u0103 monitorizarea radioactivit\u0103\u021bii mediului pe teritoriul Rom\u00e2niei, prin Re\u021beaua Na\u021bional\u0103 de Supraveghere a Radioactivit\u0103\u021bii Mediului (RNSRM). \u00cen acest sens, ANPM \u00eempreun\u0103 cu CNCAN informeaz\u0103 c\u0103 m\u0103sur\u0103torile efectuate pe teritoriul Rom\u00e2niei, \u00een perioada 8 august p\u00e2n\u0103 \u00een prezent, indic\u0103 faptul c\u0103, \u00een momentul de fa\u021b\u0103, \u00een Rom\u00e2nia nu exist\u0103 nicio modificare a fondului natural din punct de vedere a radioactivit\u0103\u021bii mediului. De asemenea, preciz\u0103m c\u0103 nici la nivel interna\u021bional nu au fost raportate modific\u0103ri ale nivelului de radioactivitate a mediului. CNCAN r\u0103m\u00e2ne \u00een contact permanent cu Centrul de Incidente \u0219i Urgen\u0163e din cadrul Agen\u021biei Interna\u021bionale pentru Energie Atomic\u0103 de la Viena \u0219i cu statele cu care Rom\u00e2nia are \u00eencheiate tratate bilaterale \u00een cadrul Conven\u021biei Interna\u021bionale de notificare rapid\u0103 \u00een cazul urgen\u0163elor radiologice \u0219i accidentelor nucleare\u201d,<\/em> precizeaz\u0103 reprezentan\u0163ii Departamentului pentru Situa\u0163ii de Urgen\u0163\u0103.<\/p>\n<p style=\"text-align: justify;\">Reprezentan\u0163a Comisiei Europene \u00een Rom\u00e2nia a reac\u021bionat \u0219i a atras aten\u021bia asupra acestei informa\u021bii. Sub \u00eendemnul \u201eAten\u021bie la fake news\u201d, institu\u021bia indic\u0103 c\u0103\u00a0 harta este disponibil\u0103 la adresa\u00a0<a href=\"https:\/\/remap.jrc.ec.europa.eu\/GammaDoseRates.aspx?fbclid=IwAR2o_jmzzQIkLNCNM3FforREjun-LiAThTtaep2vWL2IQBdp4C4n0VPoRQQ\" target=\"_blank\" rel=\"noopener nofollow noreferrer\" data-ft=\"{&quot;tn&quot;:&quot;-U&quot;}\" data-lynx-mode=\"async\" data-lynx-uri=\"https:\/\/l.facebook.com\/l.php?u=https%3A%2F%2Fremap.jrc.ec.europa.eu%2FGammaDoseRates.aspx%3Ffbclid%3DIwAR2o_jmzzQIkLNCNM3FforREjun-LiAThTtaep2vWL2IQBdp4C4n0VPoRQQ&amp;h=AT2YvpFXPUliDu2VRiTN9Q9H9GzEjo33XT6zhClfyEXmOuTkQFOfuD_in03jS55S8wxpmMpVk-vie0SJQLrovDyKWfjnafhrYEmfotB2mrn-klIGNX1HxWf6C4zEk-q_8YnEEzRvnD93X63YhjjAExauuQckilz_NQcDlOzgxJnHV1IcBjC_jqiC1KuKgJBDM18hHzDtzhTBbjiHhlng4fgtgLc1QjkdWvccnMW2qgfTg_wnEbM2EKdqydZ257IycGbSdO-ovdF7eUGqaLK05VM_4f7uVeAdUQe2Rvc0-2-MBxKwhoyBldcMoP5bFBZQIyfTx3IBZVwLjqyOhYNvF7wO0ykuAPwASa_dPYZ6m5aikRXvHU2qPHWvHTAg98aLP_GsRhuepyh5mKqFoxKcEIjStbn0TReOgb0blyZtTFm2UNCl1u6pIy2kJ4axkxtJd16uXjZcwLCDaN3MLOmv8YnUceIIcLLLlGPJvVqLZMvIpRGhHobOc3cQqPm-I7yc_6Fq4N1dq4f5jk_TlWYAPs_mhj4mhRfpnIgwlokFD957M0FqMGqia7mb1AvrwSdL0js4GJdLjniIBnbWE-kaiWRv0Jt9P2kSUXs08swFizdOS22jr5WqYD7xNrAC2w\">https:\/\/remap.jrc.ec.europa.eu\/GammaDoseRates.aspx<\/a>\u00a0apar\u021bine Centrului Comun de Cercetare (<a class=\"profileLink\" href=\"https:\/\/www.facebook.com\/EUScienceHub\/?__tn__=K-R&amp;eid=ARCcNOTrqZvQpYA38Y53yWNlQqKkajFFNF5bSoSe_uyi0Z6YM9U7O8l-P9GNvp7jT0xNp6lWqDG6xl5V&amp;fref=mentions&amp;__xts__%5B0%5D=68.ARB8rxPtUEkeiIAiAcR8UTF-zX6r9llNzlXYDDWlsbyG3N4ZiSWVorqWcDfSfbeFJdiSq1ufB-9as-vcbiUqLGWBQPB8u0O_lWHrx8GHGopvyXJ4VPs4Eb4tAJGjpPvHgNd2Mj9dLbY1618DZco1O09CQIuHK1dMKlDkKJVpisnuuwDcLUCXt4TLsQ-HNkrHMmUmB3uYNqueFFAxuftD0sB2EMKtipy0He_Z__yLXFug8_PlqWMgM-Rt7AzvY05ZNqG013YRGHxm-Efs3ZcYEcKrHkqWx_hFYghFS_Yvf8vrS9V49TgyRqm5-JvZGoJae_hlUhgzKvFvM6bfLC0I\" data-hovercard=\"\/ajax\/hovercard\/page.php?id=1489843604659981&amp;extragetparams=%7B%22__tn__%22%3A%22%2CdK-R-R%22%2C%22eid%22%3A%22ARCcNOTrqZvQpYA38Y53yWNlQqKkajFFNF5bSoSe_uyi0Z6YM9U7O8l-P9GNvp7jT0xNp6lWqDG6xl5V%22%2C%22fref%22%3A%22mentions%22%7D\" data-hovercard-prefer-more-content-show=\"1\">EU Science Hub \u2013 Joint Research Centre<\/a>), serviciul \u0219tiin\u021bific intern al Comisiei Europene.<\/p>\n<div class=\"text_exposed_show\">\n<p style=\"text-align: justify;\">Harta reflect\u0103 media \u0219i nivelul maxim al dozelor de radia\u021bii gama din ultimele 24 de ore, care provin de la aproximativ 5.000 de sta\u021bii europene specializate. Fiecare hexagon al h\u0103r\u021bii reprezint\u0103 m\u0103sur\u0103torile dintr-o anumit\u0103 zon\u0103 din Europa.<\/p>\n<p style=\"text-align: justify;\"><em>\u201eCentrul Comun de Cercetare nu a primit niciun avertisment de la vreun operator al acestor sta\u021bii care s\u0103 reflecte \u00eengrijor\u0103ri privind m\u0103sur\u0103torile. Harta nu are func\u021bia unui sistem de alert\u0103 timpurie. Sistemul comunitar de schimb de informa\u0163ii \u00een caz de urgen\u0163\u0103 radiologic\u0103 (ECURIE) este platforma pentru alertare rapid\u0103 \u0219i schimb de informa\u021bii \u00een cazul unei urgen\u021be radiologice sau nucleare. Statele membre sunt obligate s\u0103 raporteze incidentele prin acest sistem. Nu au existat asemenea rapoarte \u00een ultima perioad\u0103. Mai mult, respectiva hart\u0103 nu are func\u021bia unui sistem de alert\u0103 timpurie pentru incidente de acest fel. Pentru asemenea situa\u0163ii exist\u0103 un sistem la nivelul UE, sistemul comunitar de schimb de informa\u0163ii \u00een caz de urgen\u0163\u0103 radiologic\u0103 (ECURIE), iar statele membre sunt obligate s\u0103 raporteze incidentele prin acest sistem. Or, \u00een ECURIE nu au existat asemenea rapoarte \u00een ultima perioad\u0103\u201d<\/em>, arat\u0103 cei de la Reprezentan\u0163a Comisiei Europene \u00een Rom\u00e2nia.<\/p>\n<\/div>\n","protected":false},"excerpt":{"rendered":"<p>Rom\u00e2nii sunt \u00een alert\u0103, dup\u0103 ce<\/p>\n","protected":false},"author":1,"featured_media":0,"comment_status":"open","ping_status":"open","sticky":false,"template":"","format":"standard","meta":{"footnotes":""},"categories":[6],"tags":[],"class_list":["post-62143","post","type-post","status-publish","format-standard","hentry","category-breaking-news"],"_links":{"self":[{"href":"https:\/\/www.giurgiuveanul.ro\/stiri\/wp-json\/wp\/v2\/posts\/62143","targetHints":{"allow":["GET"]}}],"collection":[{"href":"https:\/\/www.giurgiuveanul.ro\/stiri\/wp-json\/wp\/v2\/posts"}],"about":[{"href":"https:\/\/www.giurgiuveanul.ro\/stiri\/wp-json\/wp\/v2\/types\/post"}],"author":[{"embeddable":true,"href":"https:\/\/www.giurgiuveanul.ro\/stiri\/wp-json\/wp\/v2\/users\/1"}],"replies":[{"embeddable":true,"href":"https:\/\/www.giurgiuveanul.ro\/stiri\/wp-json\/wp\/v2\/comments?post=62143"}],"version-history":[{"count":0,"href":"https:\/\/www.giurgiuveanul.ro\/stiri\/wp-json\/wp\/v2\/posts\/62143\/revisions"}],"wp:attachment":[{"href":"https:\/\/www.giurgiuveanul.ro\/stiri\/wp-json\/wp\/v2\/media?parent=62143"}],"wp:term":[{"taxonomy":"category","embeddable":true,"href":"https:\/\/www.giurgiuveanul.ro\/stiri\/wp-json\/wp\/v2\/categories?post=62143"},{"taxonomy":"post_tag","embeddable":true,"href":"https:\/\/www.giurgiuveanul.ro\/stiri\/wp-json\/wp\/v2\/tags?post=62143"}],"curies":[{"name":"wp","href":"https:\/\/api.w.org\/{rel}","templated":true}]}}