{"id":62167,"date":"2019-08-21T15:20:01","date_gmt":"2019-08-21T12:20:01","guid":{"rendered":"https:\/\/www.giurgiuveanul.ro\/stiri\/?p=62167"},"modified":"2019-08-21T15:20:01","modified_gmt":"2019-08-21T12:20:01","slug":"vama-iese-din-anaf-in-subordinea-cui-va-intra-vezi-aici","status":"publish","type":"post","link":"https:\/\/www.giurgiuveanul.ro\/stiri\/vama-iese-din-anaf-in-subordinea-cui-va-intra-vezi-aici\/","title":{"rendered":"Vama iese din ANAF! \u00cen subordinea cui va intra VEZI AICI"},"content":{"rendered":"<p style=\"text-align: justify;\"><strong><a href=\"https:\/\/www.giurgiuveanul.ro\/stiri\/wp-content\/uploads\/2019\/08\/PTF-Giurgiu.jpg\"><img loading=\"lazy\" decoding=\"async\" class=\"aligncenter size-large wp-image-62168\" src=\"https:\/\/www.giurgiuveanul.ro\/stiri\/wp-content\/uploads\/2019\/08\/PTF-Giurgiu-560x347.jpg\" alt=\"PTF-Giurgiu\" width=\"560\" height=\"347\" srcset=\"https:\/\/www.giurgiuveanul.ro\/stiri\/wp-content\/uploads\/2019\/08\/PTF-Giurgiu-560x347.jpg 560w, https:\/\/www.giurgiuveanul.ro\/stiri\/wp-content\/uploads\/2019\/08\/PTF-Giurgiu-250x155.jpg 250w, https:\/\/www.giurgiuveanul.ro\/stiri\/wp-content\/uploads\/2019\/08\/PTF-Giurgiu-400x248.jpg 400w, https:\/\/www.giurgiuveanul.ro\/stiri\/wp-content\/uploads\/2019\/08\/PTF-Giurgiu.jpg 800w\" sizes=\"auto, (max-width: 560px) 100vw, 560px\" \/><\/a>Vama va ie\u0219i din subordinea Administra\u0163iei Na\u0163ionale de Administrare Fiscal\u0103 (ANAF) \u015fi va intra sub autoritatea<!--more--> ministrului de Finan\u0163e, a anun\u021bat Eugen Teodorovici.<\/strong><\/p>\n<p style=\"text-align: justify;\"><em>\u201dSe va crea o structur\u0103 separat\u0103, independent\u0103 total, sub autoritatea ministrului de Finan\u0163e, deci nu subordonat\u0103 cuiva. Ce r\u0103m\u00e2ne \u00een ANAF se rearanjeaz\u0103, jude\u021bele prind puterea pe care trebuie s\u0103 o aib\u0103, regiunile dispar ca \u015fi putere, pentru c\u0103 nu este corect ca s\u0103 aib\u0103 regiunea decizia c\u00e2nd la jude\u0163 e problema\u201d,<\/em> a declarat ministrul Finan\u021belor, Eugen Teodorovici, potrivit Mediafax.<\/p>\n<p style=\"text-align: justify;\">Potrivit acestuia, vor fi \u0219i alte schimb\u0103ri: <em>\u201epartea de contesta\u0163ii pleac\u0103 de la ANAF la Finan\u0163e, pentru c\u0103 nu ANAF-ul trebuie s\u0103 judece ceea ce tot ANAF-ul a spus<\/em>\u201d.<\/p>\n<p style=\"text-align: justify;\">surs\u0103: digi24.ro<\/p>\n","protected":false},"excerpt":{"rendered":"<p>Vama va ie\u0219i din subordinea Administra\u0163iei Na\u0163ionale de Administrare Fiscal\u0103 (ANAF) \u015fi va intra sub autoritatea<\/p>\n","protected":false},"author":1,"featured_media":0,"comment_status":"open","ping_status":"open","sticky":false,"template":"","format":"standard","meta":{"footnotes":""},"categories":[6],"tags":[],"class_list":["post-62167","post","type-post","status-publish","format-standard","hentry","category-breaking-news"],"_links":{"self":[{"href":"https:\/\/www.giurgiuveanul.ro\/stiri\/wp-json\/wp\/v2\/posts\/62167","targetHints":{"allow":["GET"]}}],"collection":[{"href":"https:\/\/www.giurgiuveanul.ro\/stiri\/wp-json\/wp\/v2\/posts"}],"about":[{"href":"https:\/\/www.giurgiuveanul.ro\/stiri\/wp-json\/wp\/v2\/types\/post"}],"author":[{"embeddable":true,"href":"https:\/\/www.giurgiuveanul.ro\/stiri\/wp-json\/wp\/v2\/users\/1"}],"replies":[{"embeddable":true,"href":"https:\/\/www.giurgiuveanul.ro\/stiri\/wp-json\/wp\/v2\/comments?post=62167"}],"version-history":[{"count":0,"href":"https:\/\/www.giurgiuveanul.ro\/stiri\/wp-json\/wp\/v2\/posts\/62167\/revisions"}],"wp:attachment":[{"href":"https:\/\/www.giurgiuveanul.ro\/stiri\/wp-json\/wp\/v2\/media?parent=62167"}],"wp:term":[{"taxonomy":"category","embeddable":true,"href":"https:\/\/www.giurgiuveanul.ro\/stiri\/wp-json\/wp\/v2\/categories?post=62167"},{"taxonomy":"post_tag","embeddable":true,"href":"https:\/\/www.giurgiuveanul.ro\/stiri\/wp-json\/wp\/v2\/tags?post=62167"}],"curies":[{"name":"wp","href":"https:\/\/api.w.org\/{rel}","templated":true}]}}