{"id":62182,"date":"2019-08-22T09:25:28","date_gmt":"2019-08-22T06:25:28","guid":{"rendered":"https:\/\/www.giurgiuveanul.ro\/stiri\/?p=62182"},"modified":"2019-08-22T09:45:02","modified_gmt":"2019-08-22T06:45:02","slug":"murit-pe-banca","status":"publish","type":"post","link":"https:\/\/www.giurgiuveanul.ro\/stiri\/murit-pe-banca\/","title":{"rendered":"A murit pe banc\u0103&#8230;"},"content":{"rendered":"<p style=\"text-align: justify;\"><strong><a href=\"https:\/\/www.giurgiuveanul.ro\/stiri\/wp-content\/uploads\/2019\/08\/IMG_8292.jpg\"><img loading=\"lazy\" decoding=\"async\" class=\"aligncenter size-large wp-image-62183\" src=\"https:\/\/www.giurgiuveanul.ro\/stiri\/wp-content\/uploads\/2019\/08\/IMG_8292-497x450.jpg\" alt=\"IMG_8292\" width=\"497\" height=\"450\" srcset=\"https:\/\/www.giurgiuveanul.ro\/stiri\/wp-content\/uploads\/2019\/08\/IMG_8292-497x450.jpg 497w, https:\/\/www.giurgiuveanul.ro\/stiri\/wp-content\/uploads\/2019\/08\/IMG_8292-250x227.jpg 250w, https:\/\/www.giurgiuveanul.ro\/stiri\/wp-content\/uploads\/2019\/08\/IMG_8292-400x363.jpg 400w, https:\/\/www.giurgiuveanul.ro\/stiri\/wp-content\/uploads\/2019\/08\/IMG_8292.jpg 800w\" sizes=\"auto, (max-width: 497px) 100vw, 497px\" \/><\/a>Un<!--more--> om al str\u0103zii a fost g\u0103sit mort \u00een aceast\u0103 diminea\u0163\u0103, pe o banc\u0103 din rondul de la Orient.<\/strong><\/p>\n<p style=\"text-align: justify;\">Poli\u0163i\u015ftii giurgiuveni au fost chema\u0163i, ast\u0103zi, \u00een jurul orei 4:00, \u00een rondul de la Orient, prin apel la num\u0103rul unic de urgen\u0163\u0103 112.<\/p>\n<p style=\"text-align: justify;\"><em>&#8222;Am fost sesiza\u0163i c\u0103 pe o banc\u0103 \u00een\u00a0aceast\u0103 zon\u0103 era o persoan\u0103 decedat\u0103&#8221;<\/em>, a explicat, pentru GIURGIUVEANUL, purt\u0103torul de cuv\u00e2nt al IPJ Giurgiu, <strong>Emanuela S\u00e2rbu<\/strong>.<\/p>\n<p style=\"text-align: justify;\">B\u0103rbatul avea de 45 de ani \u015fi a fost identificat. Era cunoscut sub numele \u201eBuci\u201d, ca o persoan\u0103 a str\u0103zii, potrivit unor martori.<\/p>\n<p style=\"text-align: justify;\">Seara a fost v\u0103zut dormind pe aceea\u015fi banc\u0103 \u00eens\u0103, cel care a alertat Poli\u0163ia, l-a\u00a0observat \u015fi de diminea\u0163\u0103 \u015fi i s-a p\u0103rut suspect, fiind \u00een aceea\u015fi pozi\u0163ie.<\/p>\n<p style=\"text-align: justify;\">Din p\u0103cate, echipajul de pe Ambulan\u0163\u0103 ajuns acolo nu a mai putut face nimic. Nu au mai fost efectuate manevrele de resuscitare, b\u0103rbatul fiind decedat.<\/p>\n<p style=\"text-align: justify;\">La examinarea succint\u0103 a cadavrului, poli\u0163i\u015ftii nu au g\u0103sit urme de violen\u0163\u0103.<\/p>\n<p style=\"text-align: justify;\"><em>&#8222;Poli\u0163i\u015ftii fac verific\u0103ri pentru a stabili \u00eemprejur\u0103rile \u00een care b\u0103rbatul a murit, \u00een acest caz fiind deschis un dosar de moarte suspect\u0103. Cauza exact\u0103 a decesului urmeaz\u0103 s\u0103 fie stabilit\u0103 \u00een urma necropsiei&#8221;,<\/em> a precizat <strong>Emanuela S\u00e2rbu<\/strong>.<\/p>\n","protected":false},"excerpt":{"rendered":"<p>Un<\/p>\n","protected":false},"author":1,"featured_media":0,"comment_status":"open","ping_status":"open","sticky":false,"template":"","format":"standard","meta":{"footnotes":""},"categories":[6],"tags":[],"class_list":["post-62182","post","type-post","status-publish","format-standard","hentry","category-breaking-news"],"_links":{"self":[{"href":"https:\/\/www.giurgiuveanul.ro\/stiri\/wp-json\/wp\/v2\/posts\/62182","targetHints":{"allow":["GET"]}}],"collection":[{"href":"https:\/\/www.giurgiuveanul.ro\/stiri\/wp-json\/wp\/v2\/posts"}],"about":[{"href":"https:\/\/www.giurgiuveanul.ro\/stiri\/wp-json\/wp\/v2\/types\/post"}],"author":[{"embeddable":true,"href":"https:\/\/www.giurgiuveanul.ro\/stiri\/wp-json\/wp\/v2\/users\/1"}],"replies":[{"embeddable":true,"href":"https:\/\/www.giurgiuveanul.ro\/stiri\/wp-json\/wp\/v2\/comments?post=62182"}],"version-history":[{"count":0,"href":"https:\/\/www.giurgiuveanul.ro\/stiri\/wp-json\/wp\/v2\/posts\/62182\/revisions"}],"wp:attachment":[{"href":"https:\/\/www.giurgiuveanul.ro\/stiri\/wp-json\/wp\/v2\/media?parent=62182"}],"wp:term":[{"taxonomy":"category","embeddable":true,"href":"https:\/\/www.giurgiuveanul.ro\/stiri\/wp-json\/wp\/v2\/categories?post=62182"},{"taxonomy":"post_tag","embeddable":true,"href":"https:\/\/www.giurgiuveanul.ro\/stiri\/wp-json\/wp\/v2\/tags?post=62182"}],"curies":[{"name":"wp","href":"https:\/\/api.w.org\/{rel}","templated":true}]}}