{"id":62189,"date":"2019-08-22T09:53:22","date_gmt":"2019-08-22T06:53:22","guid":{"rendered":"https:\/\/www.giurgiuveanul.ro\/stiri\/?p=62189"},"modified":"2019-08-22T10:07:04","modified_gmt":"2019-08-22T07:07:04","slug":"sapte-specialitati-din-carne-incluse-in-lista-de-produse-traditionale-romanesti","status":"publish","type":"post","link":"https:\/\/www.giurgiuveanul.ro\/stiri\/sapte-specialitati-din-carne-incluse-in-lista-de-produse-traditionale-romanesti\/","title":{"rendered":"\u015eapte specialit\u0103\u0163i din carne, incluse \u00een lista de produse tradi\u0163ionale rom\u00e2ne\u015fti"},"content":{"rendered":"<p style=\"text-align: justify;\"><a href=\"https:\/\/www.giurgiuveanul.ro\/stiri\/wp-content\/uploads\/2019\/08\/1babebb6e3082b7c74215afaef8a900c_XL.jpg\"><img loading=\"lazy\" decoding=\"async\" class=\"aligncenter size-large wp-image-62190\" src=\"https:\/\/www.giurgiuveanul.ro\/stiri\/wp-content\/uploads\/2019\/08\/1babebb6e3082b7c74215afaef8a900c_XL-560x373.jpg\" alt=\"1babebb6e3082b7c74215afaef8a900c_XL\" width=\"560\" height=\"373\" srcset=\"https:\/\/www.giurgiuveanul.ro\/stiri\/wp-content\/uploads\/2019\/08\/1babebb6e3082b7c74215afaef8a900c_XL-560x373.jpg 560w, https:\/\/www.giurgiuveanul.ro\/stiri\/wp-content\/uploads\/2019\/08\/1babebb6e3082b7c74215afaef8a900c_XL-250x167.jpg 250w, https:\/\/www.giurgiuveanul.ro\/stiri\/wp-content\/uploads\/2019\/08\/1babebb6e3082b7c74215afaef8a900c_XL-400x267.jpg 400w, https:\/\/www.giurgiuveanul.ro\/stiri\/wp-content\/uploads\/2019\/08\/1babebb6e3082b7c74215afaef8a900c_XL.jpg 900w\" sizes=\"auto, (max-width: 560px) 100vw, 560px\" \/><\/a><strong>Ministerul<!--more--> Agriculturii \u0219i Dezvolt\u0103rii Rurale a acordat \u00eenc\u0103 \u0219apte atestate pentru produse tradi\u021bionale din jude\u021bele Gala\u021bi, Cara\u0219-Severin \u0219i Buz\u0103u.<\/strong><\/p>\n<div style=\"text-align: justify;\">\u00cen jude\u021bul Gala\u021bi, produc\u0103torul SC VERDESI&amp;CO SRL a primit atestat pentru patru produse tradi\u021bionale ob\u021binute din carne de porc provenit\u0103 din fermele proprii: \u201e<strong>Mu\u0219chiule\u021b de porc Ilinca\u201d, \u201eCotletul haiducesc al lui Zamfir\u201d, \u201eCosti\u021b\u0103 afumat\u0103 Ilinca\u201d, \u201eC\u00e2rna\u021bii de porc ai lui Ignat\u201d<\/strong>.<\/div>\n<div style=\"text-align: justify;\">\u00cen jude\u021bul Cara\u0219 Severin, a fost acordat un atestat de produs tradi\u021bional pentru <strong>\u201eC\u00e2rna\u021bi din carne de capr\u0103 ca la Soceni\u201d<\/strong>, iar \u00een jude\u021bul Buz\u0103u, a fost acordat atestatul pentru <strong>\u201eSalamul Casa R\u00e2mnicean\u0103\u201d<\/strong> \u0219i pentru <strong>\u201eC\u00e2rna\u021bii crud-usca\u021bi Casa R\u00e2mnicean\u0103\u201d<\/strong>.<\/div>\n<div style=\"text-align: justify;\">MADR \u00eencurajeaz\u0103 produc\u0103torii s\u0103-\u0219i \u00eenregistreze produsele tradi\u021bionale nu doar pentru a diversifica produc\u021bia, dar \u0219i pentru a oferi consumatorilor siguran\u021ba calit\u0103\u021bii. \u00cen acest fel, produsele tradi\u021bionale devin instrumente de promovare a anumitor regiuni, p\u0103str\u00e2nd vie con\u0219tiin\u021ba \u0219i identitatea na\u021bional\u0103, pe de o parte \u0219i interesul sporit pentru descoperirea valorilor locului, pe de alt\u0103 parte.<\/div>\n","protected":false},"excerpt":{"rendered":"<p>Ministerul<\/p>\n","protected":false},"author":1,"featured_media":0,"comment_status":"open","ping_status":"open","sticky":false,"template":"","format":"standard","meta":{"footnotes":""},"categories":[6],"tags":[],"class_list":["post-62189","post","type-post","status-publish","format-standard","hentry","category-breaking-news"],"_links":{"self":[{"href":"https:\/\/www.giurgiuveanul.ro\/stiri\/wp-json\/wp\/v2\/posts\/62189","targetHints":{"allow":["GET"]}}],"collection":[{"href":"https:\/\/www.giurgiuveanul.ro\/stiri\/wp-json\/wp\/v2\/posts"}],"about":[{"href":"https:\/\/www.giurgiuveanul.ro\/stiri\/wp-json\/wp\/v2\/types\/post"}],"author":[{"embeddable":true,"href":"https:\/\/www.giurgiuveanul.ro\/stiri\/wp-json\/wp\/v2\/users\/1"}],"replies":[{"embeddable":true,"href":"https:\/\/www.giurgiuveanul.ro\/stiri\/wp-json\/wp\/v2\/comments?post=62189"}],"version-history":[{"count":0,"href":"https:\/\/www.giurgiuveanul.ro\/stiri\/wp-json\/wp\/v2\/posts\/62189\/revisions"}],"wp:attachment":[{"href":"https:\/\/www.giurgiuveanul.ro\/stiri\/wp-json\/wp\/v2\/media?parent=62189"}],"wp:term":[{"taxonomy":"category","embeddable":true,"href":"https:\/\/www.giurgiuveanul.ro\/stiri\/wp-json\/wp\/v2\/categories?post=62189"},{"taxonomy":"post_tag","embeddable":true,"href":"https:\/\/www.giurgiuveanul.ro\/stiri\/wp-json\/wp\/v2\/tags?post=62189"}],"curies":[{"name":"wp","href":"https:\/\/api.w.org\/{rel}","templated":true}]}}