{"id":62199,"date":"2019-08-22T18:47:21","date_gmt":"2019-08-22T15:47:21","guid":{"rendered":"https:\/\/www.giurgiuveanul.ro\/stiri\/?p=62199"},"modified":"2019-08-22T18:51:38","modified_gmt":"2019-08-22T15:51:38","slug":"sarbatoare-la-calugareni-ce-nume-mari-vor-urca-pe-scena-de-ziua-comunei-vezi-aici","status":"publish","type":"post","link":"https:\/\/www.giurgiuveanul.ro\/stiri\/sarbatoare-la-calugareni-ce-nume-mari-vor-urca-pe-scena-de-ziua-comunei-vezi-aici\/","title":{"rendered":"S\u0103rb\u0103toare la C\u0102LUG\u0102RENI! Ce nume mari vor urca pe scen\u0103 de \u201eZIUA COMUNEI\u201d&#8230;  VEZI AICI"},"content":{"rendered":"<p style=\"text-align: justify;\"><strong><a href=\"https:\/\/www.giurgiuveanul.ro\/stiri\/wp-content\/uploads\/2019\/08\/68614501_631578757363350_5990533222394494976_n.jpg\"><img loading=\"lazy\" decoding=\"async\" class=\"aligncenter size-large wp-image-62200\" src=\"https:\/\/www.giurgiuveanul.ro\/stiri\/wp-content\/uploads\/2019\/08\/68614501_631578757363350_5990533222394494976_n-318x450.jpg\" alt=\"68614501_631578757363350_5990533222394494976_n\" width=\"318\" height=\"450\" srcset=\"https:\/\/www.giurgiuveanul.ro\/stiri\/wp-content\/uploads\/2019\/08\/68614501_631578757363350_5990533222394494976_n-318x450.jpg 318w, https:\/\/www.giurgiuveanul.ro\/stiri\/wp-content\/uploads\/2019\/08\/68614501_631578757363350_5990533222394494976_n-212x300.jpg 212w, https:\/\/www.giurgiuveanul.ro\/stiri\/wp-content\/uploads\/2019\/08\/68614501_631578757363350_5990533222394494976_n-400x566.jpg 400w, https:\/\/www.giurgiuveanul.ro\/stiri\/wp-content\/uploads\/2019\/08\/68614501_631578757363350_5990533222394494976_n.jpg 679w\" sizes=\"auto, (max-width: 318px) 100vw, 318px\" \/><\/a>Mai sunt doar c\u00e2teva<!--more--> ore p\u00e2n\u0103 c\u00e2nd comuna C\u0103lug\u0103reni se va \u00eembr\u0103ca \u00een straie de s\u0103rb\u0103toare. La eveniment sunt a\u015fteptate c\u00e2t mai multe persoane, at\u00e2t din comun\u0103, c\u00e2t \u015fi din localit\u0103\u0163ile \u00eenvecinate.<\/strong><\/p>\n<p style=\"text-align: justify;\">\u00cen ziua de 23 august &#8211; \u00een urm\u0103 cu 424 de ani- avea loc b\u0103t\u0103\u0103lia lui Mihai Viteazul \u00eempotriva turcilor, la C\u0103lug\u0103reni, eveniment care a pus coroana istoric\u0103 pe fruntea acestei localit\u0103\u0163i.<\/p>\n<p style=\"text-align: justify;\">Astfel, \u00een data de <strong>23 august 2019, \u00eencep\u00e2nd cu ora 17:00<\/strong>, primarul comunei C\u0103lug\u0103reni, <strong>Marin Voinea<\/strong>, \u00eempreuna cu reprezentan\u021bii Consilului local va invit\u0103 s\u0103 participa\u021bi la \u201eZiua Comunei&#8221; al\u0103turi de arti\u0219ti \u00eendr\u0103gi\u021bi ai neamului rom\u00e2nesc.<\/p>\n<p style=\"text-align: justify;\">Pentru c\u0103 \u00eei plac tradi\u0163iile str\u0103mo\u015fe\u015fti \u015fi c\u00e2ntecul rom\u00e2nesc, edilul-\u015fef al comunei C\u0103lug\u0103reni a invitat la ziua localit\u0103\u0163ii arti\u015fti \u00eendr\u0103gi\u0163i, care vor aduce bucurie \u00een sufletele oamenilor, bun\u0103oar\u0103: <strong>Nicu Paleru<\/strong> \u015fi <strong>Maria Ghinea<\/strong><\/p>\n<p style=\"text-align: justify;\">Totodat\u0103, pe scen\u0103 vor urca arti\u015fti renumi\u0163i precum cei de la trupa <strong>\u201eNemuritorii\u201d<\/strong>.<\/p>\n<p style=\"text-align: justify;\">Prezentatoarea spectacolului va fi <strong>Monica Ropot\u0103<\/strong>.<\/p>\n<p style=\"text-align: justify;\">At\u00e2t localnicii din C\u0103lug\u0103reni, c\u00e2t \u015fi din comunele \u00eenvecinate sunt a\u015ftepta\u0163i cu drag la acest eveniment pentru a-\u015fi vedea arti\u015ftii \u00eendr\u0103gi\u0163i \u015fi a c\u00e2nta \u015fi dansa al\u0103turi de ei.<\/p>\n","protected":false},"excerpt":{"rendered":"<p>Mai sunt doar c\u00e2teva<\/p>\n","protected":false},"author":1,"featured_media":0,"comment_status":"open","ping_status":"open","sticky":false,"template":"","format":"standard","meta":{"footnotes":""},"categories":[6],"tags":[],"class_list":["post-62199","post","type-post","status-publish","format-standard","hentry","category-breaking-news"],"_links":{"self":[{"href":"https:\/\/www.giurgiuveanul.ro\/stiri\/wp-json\/wp\/v2\/posts\/62199","targetHints":{"allow":["GET"]}}],"collection":[{"href":"https:\/\/www.giurgiuveanul.ro\/stiri\/wp-json\/wp\/v2\/posts"}],"about":[{"href":"https:\/\/www.giurgiuveanul.ro\/stiri\/wp-json\/wp\/v2\/types\/post"}],"author":[{"embeddable":true,"href":"https:\/\/www.giurgiuveanul.ro\/stiri\/wp-json\/wp\/v2\/users\/1"}],"replies":[{"embeddable":true,"href":"https:\/\/www.giurgiuveanul.ro\/stiri\/wp-json\/wp\/v2\/comments?post=62199"}],"version-history":[{"count":0,"href":"https:\/\/www.giurgiuveanul.ro\/stiri\/wp-json\/wp\/v2\/posts\/62199\/revisions"}],"wp:attachment":[{"href":"https:\/\/www.giurgiuveanul.ro\/stiri\/wp-json\/wp\/v2\/media?parent=62199"}],"wp:term":[{"taxonomy":"category","embeddable":true,"href":"https:\/\/www.giurgiuveanul.ro\/stiri\/wp-json\/wp\/v2\/categories?post=62199"},{"taxonomy":"post_tag","embeddable":true,"href":"https:\/\/www.giurgiuveanul.ro\/stiri\/wp-json\/wp\/v2\/tags?post=62199"}],"curies":[{"name":"wp","href":"https:\/\/api.w.org\/{rel}","templated":true}]}}