{"id":62223,"date":"2019-08-23T09:50:25","date_gmt":"2019-08-23T06:50:25","guid":{"rendered":"https:\/\/www.giurgiuveanul.ro\/stiri\/?p=62223"},"modified":"2019-08-23T09:50:25","modified_gmt":"2019-08-23T06:50:25","slug":"patru-localitati-giurgiuvene-vor-avea-astazi-curentul-intrerupt-care-sunt-acestea-vezi-aici","status":"publish","type":"post","link":"https:\/\/www.giurgiuveanul.ro\/stiri\/patru-localitati-giurgiuvene-vor-avea-astazi-curentul-intrerupt-care-sunt-acestea-vezi-aici\/","title":{"rendered":"Patru localit\u0103\u0163i giurgiuvene vor avea ast\u0103zi curentul \u00eentrerupt! Care sunt acestea VEZI AICI"},"content":{"rendered":"<p style=\"text-align: justify;\"><a href=\"https:\/\/www.giurgiuveanul.ro\/stiri\/wp-content\/uploads\/2019\/08\/Intreruperi-curent.jpg\"><img loading=\"lazy\" decoding=\"async\" class=\"aligncenter size-large wp-image-62224\" src=\"https:\/\/www.giurgiuveanul.ro\/stiri\/wp-content\/uploads\/2019\/08\/Intreruperi-curent-560x396.jpg\" alt=\"Intreruperi-curent\" width=\"560\" height=\"396\" srcset=\"https:\/\/www.giurgiuveanul.ro\/stiri\/wp-content\/uploads\/2019\/08\/Intreruperi-curent-560x396.jpg 560w, https:\/\/www.giurgiuveanul.ro\/stiri\/wp-content\/uploads\/2019\/08\/Intreruperi-curent-250x177.jpg 250w, https:\/\/www.giurgiuveanul.ro\/stiri\/wp-content\/uploads\/2019\/08\/Intreruperi-curent-400x283.jpg 400w, https:\/\/www.giurgiuveanul.ro\/stiri\/wp-content\/uploads\/2019\/08\/Intreruperi-curent.jpg 750w\" sizes=\"auto, (max-width: 560px) 100vw, 560px\" \/><\/a>Pentru<!--more--> lucr\u0103rile anuale de repara\u0163ii \u015fi \u00eentre\u0163inere instala\u0163ii \u015fi re\u0163ele electrice, precum \u015fi posturi de transformare, E-Distribu\u0163ie Muntenia anun\u0163\u0103 \u00eentreruperea furniz\u0103rii energiei electrice, ast\u0103zi, 23 august 2019, \u00een timpul lucr\u0103rilor dup\u0103 programul indicat mai jos.<\/p>\n<p style=\"text-align: justify;\"><strong>\u00cen jude\u021bul Giurgiu<\/strong><\/p>\n<p style=\"text-align: justify;\"><strong>\u00centre orele 09:00 \u2013 17:00 \u00een urm\u0103toarele zone:<\/strong><\/p>\n<ul style=\"text-align: justify;\">\n<li>R\u0103suceni, str. Principala si str\u0103zi adiacente<\/li>\n<\/ul>\n<p style=\"text-align: justify;\"><strong>\u00centre orele 08:30 \u2013 16:30 \u00een urm\u0103toarele zone:<\/strong><\/p>\n<ul>\n<li style=\"text-align: justify;\">Localitatile Oinacu, Pietri\u015fu, G\u0103ujani<\/li>\n<\/ul>\n","protected":false},"excerpt":{"rendered":"<p>Pentru<\/p>\n","protected":false},"author":1,"featured_media":0,"comment_status":"open","ping_status":"open","sticky":false,"template":"","format":"standard","meta":{"footnotes":""},"categories":[6],"tags":[],"class_list":["post-62223","post","type-post","status-publish","format-standard","hentry","category-breaking-news"],"_links":{"self":[{"href":"https:\/\/www.giurgiuveanul.ro\/stiri\/wp-json\/wp\/v2\/posts\/62223","targetHints":{"allow":["GET"]}}],"collection":[{"href":"https:\/\/www.giurgiuveanul.ro\/stiri\/wp-json\/wp\/v2\/posts"}],"about":[{"href":"https:\/\/www.giurgiuveanul.ro\/stiri\/wp-json\/wp\/v2\/types\/post"}],"author":[{"embeddable":true,"href":"https:\/\/www.giurgiuveanul.ro\/stiri\/wp-json\/wp\/v2\/users\/1"}],"replies":[{"embeddable":true,"href":"https:\/\/www.giurgiuveanul.ro\/stiri\/wp-json\/wp\/v2\/comments?post=62223"}],"version-history":[{"count":0,"href":"https:\/\/www.giurgiuveanul.ro\/stiri\/wp-json\/wp\/v2\/posts\/62223\/revisions"}],"wp:attachment":[{"href":"https:\/\/www.giurgiuveanul.ro\/stiri\/wp-json\/wp\/v2\/media?parent=62223"}],"wp:term":[{"taxonomy":"category","embeddable":true,"href":"https:\/\/www.giurgiuveanul.ro\/stiri\/wp-json\/wp\/v2\/categories?post=62223"},{"taxonomy":"post_tag","embeddable":true,"href":"https:\/\/www.giurgiuveanul.ro\/stiri\/wp-json\/wp\/v2\/tags?post=62223"}],"curies":[{"name":"wp","href":"https:\/\/api.w.org\/{rel}","templated":true}]}}