{"id":62226,"date":"2019-08-23T21:31:59","date_gmt":"2019-08-23T18:31:59","guid":{"rendered":"https:\/\/www.giurgiuveanul.ro\/stiri\/?p=62226"},"modified":"2019-08-23T21:31:59","modified_gmt":"2019-08-23T18:31:59","slug":"accident-rutier-in-municipiul-giurgiu-foto","status":"publish","type":"post","link":"https:\/\/www.giurgiuveanul.ro\/stiri\/accident-rutier-in-municipiul-giurgiu-foto\/","title":{"rendered":"ACCIDENT RUTIER \u00een municipiul Giurgiu! (FOTO)"},"content":{"rendered":"<p style=\"text-align: justify;\"><a href=\"https:\/\/www.giurgiuveanul.ro\/stiri\/wp-content\/uploads\/2019\/08\/69361253_661627421017109_2274975212401328128_n.jpg\"><img loading=\"lazy\" decoding=\"async\" class=\"aligncenter size-large wp-image-62227\" src=\"https:\/\/www.giurgiuveanul.ro\/stiri\/wp-content\/uploads\/2019\/08\/69361253_661627421017109_2274975212401328128_n-560x272.jpg\" alt=\"69361253_661627421017109_2274975212401328128_n\" width=\"560\" height=\"272\" srcset=\"https:\/\/www.giurgiuveanul.ro\/stiri\/wp-content\/uploads\/2019\/08\/69361253_661627421017109_2274975212401328128_n-560x272.jpg 560w, https:\/\/www.giurgiuveanul.ro\/stiri\/wp-content\/uploads\/2019\/08\/69361253_661627421017109_2274975212401328128_n-250x121.jpg 250w, https:\/\/www.giurgiuveanul.ro\/stiri\/wp-content\/uploads\/2019\/08\/69361253_661627421017109_2274975212401328128_n-400x194.jpg 400w, https:\/\/www.giurgiuveanul.ro\/stiri\/wp-content\/uploads\/2019\/08\/69361253_661627421017109_2274975212401328128_n.jpg 1599w\" sizes=\"auto, (max-width: 560px) 100vw, 560px\" \/><\/a>Ast\u0103zi, la ora 16.10, un<!--more--> cet\u0103\u021bean ceh, de 27 de ani, \u00een timp ce conducea un autoturism, din direc\u021bia Pia\u021ba G\u0103rii c\u0103tre Teatrul de Var\u0103, la efectuarea virajului la st\u00e2nga, c\u0103tre strada Nicolae Titulescu, din municipiul Giurgiu, nu a acordat prioritate de trecere unui autoturism condus de un t\u00e2n\u0103r, de 21 de ani, din municipiul Giurgiu, care circula regulamentar pe strada G\u0103rii, din direc\u021bia Teatru de Var\u0103 c\u0103tre Pia\u021ba G\u0103rii.<\/p>\n<p style=\"text-align: justify;\">\u00cen urma evenimentului rutier a rezultat avarierea celor dou\u0103 autoturisme.<\/p>\n<p style=\"text-align: justify;\">Ambii conduc\u0103tori auto au fost testa\u021bi cu aparatul alcooltest, rezultatele fiind negative.<\/p>\n<p style=\"text-align: justify;\"><a href=\"https:\/\/www.giurgiuveanul.ro\/stiri\/wp-content\/uploads\/2019\/08\/68918962_389981315046960_5627771557200789504_n.jpg\"><img loading=\"lazy\" decoding=\"async\" class=\"aligncenter size-large wp-image-62228\" src=\"https:\/\/www.giurgiuveanul.ro\/stiri\/wp-content\/uploads\/2019\/08\/68918962_389981315046960_5627771557200789504_n-336x450.jpg\" alt=\"68918962_389981315046960_5627771557200789504_n\" width=\"336\" height=\"450\" srcset=\"https:\/\/www.giurgiuveanul.ro\/stiri\/wp-content\/uploads\/2019\/08\/68918962_389981315046960_5627771557200789504_n-336x450.jpg 336w, https:\/\/www.giurgiuveanul.ro\/stiri\/wp-content\/uploads\/2019\/08\/68918962_389981315046960_5627771557200789504_n-224x300.jpg 224w, https:\/\/www.giurgiuveanul.ro\/stiri\/wp-content\/uploads\/2019\/08\/68918962_389981315046960_5627771557200789504_n-400x536.jpg 400w, https:\/\/www.giurgiuveanul.ro\/stiri\/wp-content\/uploads\/2019\/08\/68918962_389981315046960_5627771557200789504_n.jpg 1527w\" sizes=\"auto, (max-width: 336px) 100vw, 336px\" \/><\/a><\/p>\n<p style=\"text-align: justify;\"><a href=\"https:\/\/www.giurgiuveanul.ro\/stiri\/wp-content\/uploads\/2019\/08\/69277201_2808308005906828_9132118138026983424_n.jpg\"><img loading=\"lazy\" decoding=\"async\" class=\"aligncenter size-large wp-image-62229\" src=\"https:\/\/www.giurgiuveanul.ro\/stiri\/wp-content\/uploads\/2019\/08\/69277201_2808308005906828_9132118138026983424_n-560x420.jpg\" alt=\"69277201_2808308005906828_9132118138026983424_n\" width=\"560\" height=\"420\" srcset=\"https:\/\/www.giurgiuveanul.ro\/stiri\/wp-content\/uploads\/2019\/08\/69277201_2808308005906828_9132118138026983424_n-560x420.jpg 560w, https:\/\/www.giurgiuveanul.ro\/stiri\/wp-content\/uploads\/2019\/08\/69277201_2808308005906828_9132118138026983424_n-250x188.jpg 250w, https:\/\/www.giurgiuveanul.ro\/stiri\/wp-content\/uploads\/2019\/08\/69277201_2808308005906828_9132118138026983424_n-400x300.jpg 400w, https:\/\/www.giurgiuveanul.ro\/stiri\/wp-content\/uploads\/2019\/08\/69277201_2808308005906828_9132118138026983424_n.jpg 2048w\" sizes=\"auto, (max-width: 560px) 100vw, 560px\" \/><\/a><\/p>\n<p style=\"text-align: justify;\"><a href=\"https:\/\/www.giurgiuveanul.ro\/stiri\/wp-content\/uploads\/2019\/08\/69440664_419142915362510_2333731404392693760_n.jpg\"><img loading=\"lazy\" decoding=\"async\" class=\"aligncenter size-large wp-image-62230\" src=\"https:\/\/www.giurgiuveanul.ro\/stiri\/wp-content\/uploads\/2019\/08\/69440664_419142915362510_2333731404392693760_n-336x450.jpg\" alt=\"69440664_419142915362510_2333731404392693760_n\" width=\"336\" height=\"450\" srcset=\"https:\/\/www.giurgiuveanul.ro\/stiri\/wp-content\/uploads\/2019\/08\/69440664_419142915362510_2333731404392693760_n-336x450.jpg 336w, https:\/\/www.giurgiuveanul.ro\/stiri\/wp-content\/uploads\/2019\/08\/69440664_419142915362510_2333731404392693760_n-224x300.jpg 224w, https:\/\/www.giurgiuveanul.ro\/stiri\/wp-content\/uploads\/2019\/08\/69440664_419142915362510_2333731404392693760_n-400x536.jpg 400w, https:\/\/www.giurgiuveanul.ro\/stiri\/wp-content\/uploads\/2019\/08\/69440664_419142915362510_2333731404392693760_n.jpg 1527w\" sizes=\"auto, (max-width: 336px) 100vw, 336px\" \/><\/a><\/p>\n","protected":false},"excerpt":{"rendered":"<p>Ast\u0103zi, la ora 16.10, un<\/p>\n","protected":false},"author":1,"featured_media":0,"comment_status":"open","ping_status":"open","sticky":false,"template":"","format":"standard","meta":{"footnotes":""},"categories":[6],"tags":[],"class_list":["post-62226","post","type-post","status-publish","format-standard","hentry","category-breaking-news"],"_links":{"self":[{"href":"https:\/\/www.giurgiuveanul.ro\/stiri\/wp-json\/wp\/v2\/posts\/62226","targetHints":{"allow":["GET"]}}],"collection":[{"href":"https:\/\/www.giurgiuveanul.ro\/stiri\/wp-json\/wp\/v2\/posts"}],"about":[{"href":"https:\/\/www.giurgiuveanul.ro\/stiri\/wp-json\/wp\/v2\/types\/post"}],"author":[{"embeddable":true,"href":"https:\/\/www.giurgiuveanul.ro\/stiri\/wp-json\/wp\/v2\/users\/1"}],"replies":[{"embeddable":true,"href":"https:\/\/www.giurgiuveanul.ro\/stiri\/wp-json\/wp\/v2\/comments?post=62226"}],"version-history":[{"count":0,"href":"https:\/\/www.giurgiuveanul.ro\/stiri\/wp-json\/wp\/v2\/posts\/62226\/revisions"}],"wp:attachment":[{"href":"https:\/\/www.giurgiuveanul.ro\/stiri\/wp-json\/wp\/v2\/media?parent=62226"}],"wp:term":[{"taxonomy":"category","embeddable":true,"href":"https:\/\/www.giurgiuveanul.ro\/stiri\/wp-json\/wp\/v2\/categories?post=62226"},{"taxonomy":"post_tag","embeddable":true,"href":"https:\/\/www.giurgiuveanul.ro\/stiri\/wp-json\/wp\/v2\/tags?post=62226"}],"curies":[{"name":"wp","href":"https:\/\/api.w.org\/{rel}","templated":true}]}}