{"id":62237,"date":"2019-08-25T14:23:24","date_gmt":"2019-08-25T11:23:24","guid":{"rendered":"https:\/\/www.giurgiuveanul.ro\/stiri\/?p=62237"},"modified":"2019-08-25T14:23:24","modified_gmt":"2019-08-25T11:23:24","slug":"politia-informatii-despre-accidentul-rutier-de-pe-dj-507-au-fost-patru-nu-trei-victime","status":"publish","type":"post","link":"https:\/\/www.giurgiuveanul.ro\/stiri\/politia-informatii-despre-accidentul-rutier-de-pe-dj-507-au-fost-patru-nu-trei-victime\/","title":{"rendered":"Poli\u0163ia, informa\u0163ii despre ACCIDENTUL RUTIER de pe DJ 507. Au fost patru&#8230; nu trei victime!"},"content":{"rendered":"<p style=\"text-align: justify;\"><a href=\"https:\/\/www.giurgiuveanul.ro\/stiri\/wp-content\/uploads\/2019\/08\/IMG_9873.jpg\"><img loading=\"lazy\" decoding=\"async\" class=\"aligncenter size-large wp-image-62238\" src=\"https:\/\/www.giurgiuveanul.ro\/stiri\/wp-content\/uploads\/2019\/08\/IMG_9873-442x450.jpg\" alt=\"IMG_9873\" width=\"442\" height=\"450\" srcset=\"https:\/\/www.giurgiuveanul.ro\/stiri\/wp-content\/uploads\/2019\/08\/IMG_9873-442x450.jpg 442w, https:\/\/www.giurgiuveanul.ro\/stiri\/wp-content\/uploads\/2019\/08\/IMG_9873-250x254.jpg 250w, https:\/\/www.giurgiuveanul.ro\/stiri\/wp-content\/uploads\/2019\/08\/IMG_9873-400x407.jpg 400w, https:\/\/www.giurgiuveanul.ro\/stiri\/wp-content\/uploads\/2019\/08\/IMG_9873.jpg 786w\" sizes=\"auto, (max-width: 442px) 100vw, 442px\" \/><\/a>A\u015fa dup\u0103 cum<!--more--> v-am informat ieri, 24 august 2019, s-a produs un accident rutier, pe DJ 507, \u00een afara localit\u0103\u021bii Oinacu. Este vorba despre o coliziune \u00eentre dou\u0103 autoturisme, pe fondul neasigur\u0103rii la schimbarea direc\u021biei de mers, potrivit IPJ Giurgiu.<\/p>\n<p style=\"text-align: justify;\">V\u00e2rstele \u0219oferilor sunt 34 \u0219i 57, accidentul fiind provocat de b\u0103rbatul de 34 de ani.<\/p>\n<p style=\"text-align: justify;\">\u00cen urma evenimentului rutier, patru persoane, cu v\u00e2rstele cuprinse intre 24 si 49 ani, au fost r\u0103nite \u0219i transportate la spital pentru acordarea de \u00eengrijiri medicale.<\/p>\n<p style=\"text-align: justify;\">Conduc\u0103torii auto au fost testa\u021bi cu aparatul alcooltest, rezultatele fiind negative.<\/p>\n<p style=\"text-align: justify;\">S-a \u00eentocmit dosar penal pentru v\u0103t\u0103mare corporal\u0103 din culp\u0103, mai arat\u0103 IPJ Giurgiu.<\/p>\n","protected":false},"excerpt":{"rendered":"<p>A\u015fa dup\u0103 cum<\/p>\n","protected":false},"author":1,"featured_media":0,"comment_status":"open","ping_status":"open","sticky":false,"template":"","format":"standard","meta":{"footnotes":""},"categories":[6],"tags":[],"class_list":["post-62237","post","type-post","status-publish","format-standard","hentry","category-breaking-news"],"_links":{"self":[{"href":"https:\/\/www.giurgiuveanul.ro\/stiri\/wp-json\/wp\/v2\/posts\/62237","targetHints":{"allow":["GET"]}}],"collection":[{"href":"https:\/\/www.giurgiuveanul.ro\/stiri\/wp-json\/wp\/v2\/posts"}],"about":[{"href":"https:\/\/www.giurgiuveanul.ro\/stiri\/wp-json\/wp\/v2\/types\/post"}],"author":[{"embeddable":true,"href":"https:\/\/www.giurgiuveanul.ro\/stiri\/wp-json\/wp\/v2\/users\/1"}],"replies":[{"embeddable":true,"href":"https:\/\/www.giurgiuveanul.ro\/stiri\/wp-json\/wp\/v2\/comments?post=62237"}],"version-history":[{"count":0,"href":"https:\/\/www.giurgiuveanul.ro\/stiri\/wp-json\/wp\/v2\/posts\/62237\/revisions"}],"wp:attachment":[{"href":"https:\/\/www.giurgiuveanul.ro\/stiri\/wp-json\/wp\/v2\/media?parent=62237"}],"wp:term":[{"taxonomy":"category","embeddable":true,"href":"https:\/\/www.giurgiuveanul.ro\/stiri\/wp-json\/wp\/v2\/categories?post=62237"},{"taxonomy":"post_tag","embeddable":true,"href":"https:\/\/www.giurgiuveanul.ro\/stiri\/wp-json\/wp\/v2\/tags?post=62237"}],"curies":[{"name":"wp","href":"https:\/\/api.w.org\/{rel}","templated":true}]}}