{"id":62256,"date":"2019-08-25T16:26:29","date_gmt":"2019-08-25T13:26:29","guid":{"rendered":"https:\/\/www.giurgiuveanul.ro\/stiri\/?p=62256"},"modified":"2019-08-25T16:32:45","modified_gmt":"2019-08-25T13:32:45","slug":"giurgiu-fierbe-cum-va-fi-maine","status":"publish","type":"post","link":"https:\/\/www.giurgiuveanul.ro\/stiri\/giurgiu-fierbe-cum-va-fi-maine\/","title":{"rendered":"Giurgiu fierbe! Cum va fi m\u00e2ine?"},"content":{"rendered":"<p style=\"text-align: justify;\"><a href=\"https:\/\/www.giurgiuveanul.ro\/stiri\/wp-content\/uploads\/2019\/08\/thumbnail_image1-1-2-e1566650020887.jpg\"><img loading=\"lazy\" decoding=\"async\" class=\"aligncenter size-large wp-image-62257\" src=\"https:\/\/www.giurgiuveanul.ro\/stiri\/wp-content\/uploads\/2019\/08\/thumbnail_image1-1-2-e1566650020887-560x397.jpg\" alt=\"thumbnail_image1-1-2-e1566650020887\" width=\"560\" height=\"397\" srcset=\"https:\/\/www.giurgiuveanul.ro\/stiri\/wp-content\/uploads\/2019\/08\/thumbnail_image1-1-2-e1566650020887-560x397.jpg 560w, https:\/\/www.giurgiuveanul.ro\/stiri\/wp-content\/uploads\/2019\/08\/thumbnail_image1-1-2-e1566650020887-250x177.jpg 250w, https:\/\/www.giurgiuveanul.ro\/stiri\/wp-content\/uploads\/2019\/08\/thumbnail_image1-1-2-e1566650020887-400x284.jpg 400w, https:\/\/www.giurgiuveanul.ro\/stiri\/wp-content\/uploads\/2019\/08\/thumbnail_image1-1-2-e1566650020887.jpg 650w\" sizes=\"auto, (max-width: 560px) 100vw, 560px\" \/><\/a>Administra\u021bia Na\u021bional\u0103 de Meteorologie avertizeaz\u0103<!--more--> asupra disconfortului termic ce acapareaz\u0103 multe regiuni din \u021bara noastr\u0103 \u00een acest weekend. \u00cen 24 \u0219i 25 august, potrivit meteorologilor <em>\u201cdisconfortul termic va fi ridicat, iar local \u00een regiunile vestice, sudice \u0219i sud-estice indicele temperatur\u0103-umezeal\u0103 (ITU) va dep\u0103\u0219i pragul critic de 80 de unit\u0103\u0163i. Temperaturile maxime se vor situa frecvent \u00eentre 32 \u0219i 34 de grade, mai ridicate, spre 35\u202636 de grade local \u00een Oltenia \u0219i Muntenia \u0219i izolat \u00een Banat \u0219i Cri\u0219ana, unde \u0219i nop\u021bile vor fi tropicale, cu temperaturi minime cuprinse \u00een general \u00eentre 19 \u0219i 22 de grade\u201d<\/em>.<\/p>\n<p style=\"text-align: justify;\">Administra\u021bia Na\u021bional\u0103 de Meteorologie avertizeaz\u0103 c\u0103 \u00een dup\u0103-amiaza \u0219i seara de duminic\u0103, 25 august, temporar instabilitatea atmosferic\u0103 va fi accentuat\u0103 \u00een zonele montane.<\/p>\n<p style=\"text-align: justify;\"><strong>\u00cen sudul \u0163\u0103rii<\/strong>, la noi, c\u0103ldura va fi greu de suportat dup\u0103 pr\u00e2nz. Prin Lunca Dun\u0103rii se ating 36 de grade, iar indicele temperatura-umezeala dep\u0103\u015fe\u015fte pragul critic de 80 de unit\u0103\u0163i.<\/p>\n<p style=\"text-align: justify;\">Pentru m\u00e2ine, prognoza este sumbr\u0103: se estimeaz\u0103 c\u0103 vor fi <strong>34 de grade<\/strong>, cu un grad mai mult dec\u00e2t ast\u0103zi!<\/p>\n<p style=\"text-align: justify;\">Noaptea cerul nu prezint\u0103 \u00eennor\u0103ri iar \u0219ansele de precipita\u021bii sunt foarte sc\u0103zute.<\/p>\n","protected":false},"excerpt":{"rendered":"<p>Administra\u021bia Na\u021bional\u0103 de Meteorologie avertizeaz\u0103<\/p>\n","protected":false},"author":1,"featured_media":0,"comment_status":"open","ping_status":"open","sticky":false,"template":"","format":"standard","meta":{"footnotes":""},"categories":[6],"tags":[],"class_list":["post-62256","post","type-post","status-publish","format-standard","hentry","category-breaking-news"],"_links":{"self":[{"href":"https:\/\/www.giurgiuveanul.ro\/stiri\/wp-json\/wp\/v2\/posts\/62256","targetHints":{"allow":["GET"]}}],"collection":[{"href":"https:\/\/www.giurgiuveanul.ro\/stiri\/wp-json\/wp\/v2\/posts"}],"about":[{"href":"https:\/\/www.giurgiuveanul.ro\/stiri\/wp-json\/wp\/v2\/types\/post"}],"author":[{"embeddable":true,"href":"https:\/\/www.giurgiuveanul.ro\/stiri\/wp-json\/wp\/v2\/users\/1"}],"replies":[{"embeddable":true,"href":"https:\/\/www.giurgiuveanul.ro\/stiri\/wp-json\/wp\/v2\/comments?post=62256"}],"version-history":[{"count":0,"href":"https:\/\/www.giurgiuveanul.ro\/stiri\/wp-json\/wp\/v2\/posts\/62256\/revisions"}],"wp:attachment":[{"href":"https:\/\/www.giurgiuveanul.ro\/stiri\/wp-json\/wp\/v2\/media?parent=62256"}],"wp:term":[{"taxonomy":"category","embeddable":true,"href":"https:\/\/www.giurgiuveanul.ro\/stiri\/wp-json\/wp\/v2\/categories?post=62256"},{"taxonomy":"post_tag","embeddable":true,"href":"https:\/\/www.giurgiuveanul.ro\/stiri\/wp-json\/wp\/v2\/tags?post=62256"}],"curies":[{"name":"wp","href":"https:\/\/api.w.org\/{rel}","templated":true}]}}