{"id":62280,"date":"2019-08-26T09:27:44","date_gmt":"2019-08-26T06:27:44","guid":{"rendered":"https:\/\/www.giurgiuveanul.ro\/stiri\/?p=62280"},"modified":"2019-08-26T09:27:44","modified_gmt":"2019-08-26T06:27:44","slug":"in-aceasta-dimineata-autoturism-in-flacari-foto","status":"publish","type":"post","link":"https:\/\/www.giurgiuveanul.ro\/stiri\/in-aceasta-dimineata-autoturism-in-flacari-foto\/","title":{"rendered":"\u00cen aceast\u0103 diminea\u0163\u0103, autoturism \u00een fl\u0103c\u0103ri! (FOTO)"},"content":{"rendered":"<p><a href=\"https:\/\/www.giurgiuveanul.ro\/stiri\/wp-content\/uploads\/2019\/08\/69617471_425704411636357_8943994468768415744_n.jpg\"><img loading=\"lazy\" decoding=\"async\" class=\"aligncenter size-large wp-image-62281\" src=\"https:\/\/www.giurgiuveanul.ro\/stiri\/wp-content\/uploads\/2019\/08\/69617471_425704411636357_8943994468768415744_n-560x351.jpg\" alt=\"69617471_425704411636357_8943994468768415744_n\" width=\"560\" height=\"351\" srcset=\"https:\/\/www.giurgiuveanul.ro\/stiri\/wp-content\/uploads\/2019\/08\/69617471_425704411636357_8943994468768415744_n-560x351.jpg 560w, https:\/\/www.giurgiuveanul.ro\/stiri\/wp-content\/uploads\/2019\/08\/69617471_425704411636357_8943994468768415744_n-250x157.jpg 250w, https:\/\/www.giurgiuveanul.ro\/stiri\/wp-content\/uploads\/2019\/08\/69617471_425704411636357_8943994468768415744_n-400x251.jpg 400w, https:\/\/www.giurgiuveanul.ro\/stiri\/wp-content\/uploads\/2019\/08\/69617471_425704411636357_8943994468768415744_n.jpg 800w\" sizes=\"auto, (max-width: 560px) 100vw, 560px\" \/><\/a>Un<!--more--> autoturism a ars ca o tor\u021b\u0103 \u00een aceast\u0103 diminea\u0163\u0103, la Fr\u0103te\u015fti.<\/p>\n<p>\u00cen aceast\u0103 diminea\u0163\u0103, la ora 7:47, pompierii din cadrul Deta\u015famentului Giurgiu au fost solicita\u0163i s\u0103 intervin\u0103 la un incendiu de autoturism.<\/p>\n<p>Potrivit ISU Giurgiu, un scurtcircuit electric a aprins ma\u0219ina, care se deplasa. Autoturismul a ars ca o tor\u021b\u0103, p\u00e2n\u0103 s\u0103 ajung\u0103 echipajele de pompieri. \u0218oferul a reu\u0219it s\u0103 se salveze.<\/p>\n<p>\u00cen momentul sosirii echipajelor de pompieri, autoturismul ardea generalizat, iar \u015foferul se afla \u00een afara acestuia. Pompierii au lichidat incendiul \u00een scurt timp, dar autoturismul a ars \u00een totalitate.<\/p>\n<p><a href=\"https:\/\/www.giurgiuveanul.ro\/stiri\/wp-content\/uploads\/2019\/08\/69812265_526277878108328_9040213856596525056_n.jpg\"><img loading=\"lazy\" decoding=\"async\" class=\"aligncenter size-large wp-image-62282\" src=\"https:\/\/www.giurgiuveanul.ro\/stiri\/wp-content\/uploads\/2019\/08\/69812265_526277878108328_9040213856596525056_n-560x420.jpg\" alt=\"69812265_526277878108328_9040213856596525056_n\" width=\"560\" height=\"420\" srcset=\"https:\/\/www.giurgiuveanul.ro\/stiri\/wp-content\/uploads\/2019\/08\/69812265_526277878108328_9040213856596525056_n-560x420.jpg 560w, https:\/\/www.giurgiuveanul.ro\/stiri\/wp-content\/uploads\/2019\/08\/69812265_526277878108328_9040213856596525056_n-250x188.jpg 250w, https:\/\/www.giurgiuveanul.ro\/stiri\/wp-content\/uploads\/2019\/08\/69812265_526277878108328_9040213856596525056_n-400x300.jpg 400w, https:\/\/www.giurgiuveanul.ro\/stiri\/wp-content\/uploads\/2019\/08\/69812265_526277878108328_9040213856596525056_n.jpg 1600w\" sizes=\"auto, (max-width: 560px) 100vw, 560px\" \/><\/a><\/p>\n<p><a href=\"https:\/\/www.giurgiuveanul.ro\/stiri\/wp-content\/uploads\/2019\/08\/69050771_384930435547511_2921176419591520256_n.jpg\"><img loading=\"lazy\" decoding=\"async\" class=\"aligncenter size-large wp-image-62283\" src=\"https:\/\/www.giurgiuveanul.ro\/stiri\/wp-content\/uploads\/2019\/08\/69050771_384930435547511_2921176419591520256_n-560x420.jpg\" alt=\"69050771_384930435547511_2921176419591520256_n\" width=\"560\" height=\"420\" srcset=\"https:\/\/www.giurgiuveanul.ro\/stiri\/wp-content\/uploads\/2019\/08\/69050771_384930435547511_2921176419591520256_n-560x420.jpg 560w, https:\/\/www.giurgiuveanul.ro\/stiri\/wp-content\/uploads\/2019\/08\/69050771_384930435547511_2921176419591520256_n-250x188.jpg 250w, https:\/\/www.giurgiuveanul.ro\/stiri\/wp-content\/uploads\/2019\/08\/69050771_384930435547511_2921176419591520256_n-400x300.jpg 400w, https:\/\/www.giurgiuveanul.ro\/stiri\/wp-content\/uploads\/2019\/08\/69050771_384930435547511_2921176419591520256_n.jpg 1600w\" sizes=\"auto, (max-width: 560px) 100vw, 560px\" \/><\/a><\/p>\n<p>&nbsp;<\/p>\n<p><strong><em>FOTO ISU Giurgiu<\/em><\/strong><\/p>\n","protected":false},"excerpt":{"rendered":"<p>Un<\/p>\n","protected":false},"author":1,"featured_media":0,"comment_status":"open","ping_status":"open","sticky":false,"template":"","format":"standard","meta":{"footnotes":""},"categories":[6],"tags":[],"class_list":["post-62280","post","type-post","status-publish","format-standard","hentry","category-breaking-news"],"_links":{"self":[{"href":"https:\/\/www.giurgiuveanul.ro\/stiri\/wp-json\/wp\/v2\/posts\/62280","targetHints":{"allow":["GET"]}}],"collection":[{"href":"https:\/\/www.giurgiuveanul.ro\/stiri\/wp-json\/wp\/v2\/posts"}],"about":[{"href":"https:\/\/www.giurgiuveanul.ro\/stiri\/wp-json\/wp\/v2\/types\/post"}],"author":[{"embeddable":true,"href":"https:\/\/www.giurgiuveanul.ro\/stiri\/wp-json\/wp\/v2\/users\/1"}],"replies":[{"embeddable":true,"href":"https:\/\/www.giurgiuveanul.ro\/stiri\/wp-json\/wp\/v2\/comments?post=62280"}],"version-history":[{"count":0,"href":"https:\/\/www.giurgiuveanul.ro\/stiri\/wp-json\/wp\/v2\/posts\/62280\/revisions"}],"wp:attachment":[{"href":"https:\/\/www.giurgiuveanul.ro\/stiri\/wp-json\/wp\/v2\/media?parent=62280"}],"wp:term":[{"taxonomy":"category","embeddable":true,"href":"https:\/\/www.giurgiuveanul.ro\/stiri\/wp-json\/wp\/v2\/categories?post=62280"},{"taxonomy":"post_tag","embeddable":true,"href":"https:\/\/www.giurgiuveanul.ro\/stiri\/wp-json\/wp\/v2\/tags?post=62280"}],"curies":[{"name":"wp","href":"https:\/\/api.w.org\/{rel}","templated":true}]}}