{"id":62286,"date":"2019-08-26T11:37:49","date_gmt":"2019-08-26T08:37:49","guid":{"rendered":"https:\/\/www.giurgiuveanul.ro\/stiri\/?p=62286"},"modified":"2019-08-26T11:42:29","modified_gmt":"2019-08-26T08:42:29","slug":"cautat-de-familie-si-politisti-l-ati-vazut","status":"publish","type":"post","link":"https:\/\/www.giurgiuveanul.ro\/stiri\/cautat-de-familie-si-politisti-l-ati-vazut\/","title":{"rendered":"C\u0103utat de familie \u0219i poli\u021bi\u0219ti. L-a\u021bi v\u0103zut?"},"content":{"rendered":"<p style=\"text-align: justify;\"><a href=\"https:\/\/www.giurgiuveanul.ro\/stiri\/wp-content\/uploads\/2019\/08\/disp\u0103rut-e1566808631811.jpg\"><img loading=\"lazy\" decoding=\"async\" class=\"aligncenter  wp-image-62287\" src=\"https:\/\/www.giurgiuveanul.ro\/stiri\/wp-content\/uploads\/2019\/08\/disp\u0103rut-e1566808631811.jpg\" alt=\"disp\u0103rut\" width=\"512\" height=\"625\" \/><\/a>\u00cen data de<!--more--> 24 august 2019, Poli\u021bia Municipiului Giurgiu a fost sesizat\u0103\u00a0 de c\u0103tre un b\u0103rbat, de 52 de ani, din municipiul Giurgiu, cu privire la faptul c\u0103 un b\u0103rbat, <strong>GROSEANU COSTIC\u0102,<\/strong> de 61 ani, angajat ca \u00eengrijitor de animale la o st\u00e2na pe care o de\u021bine pe raza municipiului Giurgiu, a disp\u0103rut.<\/p>\n<p style=\"text-align: justify;\"><strong>SEMNALMENTE<\/strong>: \u00een\u0103l\u021bime aproximativ 1,50 &#8211; 1,60 m, 50 &#8211; 55 kg, constitu\u021bie slab\u0103, tenul deschis, p\u0103r blond grizonat, firul drept, tuns scurt, cu c\u0103rare pe dreapta, fa\u021ba oval\u0103, ochii m\u0103rime normal\u0103, culoarea albastru, nasul drept, m\u0103rime mijlocie, buzele mijlocii, denti\u021bie incomplet\u0103, urechi cu dep\u0103rtare normal\u0103, f\u0103r\u0103 semne particulare.<\/p>\n<p style=\"text-align: justify;\">La data plec\u0103rii era \u00eembr\u0103cat cu o bluz\u0103 cu m\u00e2neci lungi de culoare \u00eenchis\u0103, cu o pereche de pantaloni tip jeans culoarea maroniu \u2013 crem, purta pe cap o \u0219apc\u0103 de culoarea albastru \u0219i era \u00eenc\u0103l\u021bat cu o pereche de pantofi sport de culoarea deschis\u0103.<\/p>\n<p style=\"text-align: justify;\">Persoanele care pot oferi informa\u021bii care s\u0103 conduc\u0103 la depistarea b\u0103rbatului sunt rugate s\u0103 contacteze cea mai apropiat\u0103 unitate de poli\u021bie sau s\u0103 apeleze gratuit num\u0103rul unic de urgen\u021b\u0103 112.<\/p>\n","protected":false},"excerpt":{"rendered":"<p>\u00cen data de<\/p>\n","protected":false},"author":1,"featured_media":0,"comment_status":"open","ping_status":"open","sticky":false,"template":"","format":"standard","meta":{"footnotes":""},"categories":[6],"tags":[],"class_list":["post-62286","post","type-post","status-publish","format-standard","hentry","category-breaking-news"],"_links":{"self":[{"href":"https:\/\/www.giurgiuveanul.ro\/stiri\/wp-json\/wp\/v2\/posts\/62286","targetHints":{"allow":["GET"]}}],"collection":[{"href":"https:\/\/www.giurgiuveanul.ro\/stiri\/wp-json\/wp\/v2\/posts"}],"about":[{"href":"https:\/\/www.giurgiuveanul.ro\/stiri\/wp-json\/wp\/v2\/types\/post"}],"author":[{"embeddable":true,"href":"https:\/\/www.giurgiuveanul.ro\/stiri\/wp-json\/wp\/v2\/users\/1"}],"replies":[{"embeddable":true,"href":"https:\/\/www.giurgiuveanul.ro\/stiri\/wp-json\/wp\/v2\/comments?post=62286"}],"version-history":[{"count":0,"href":"https:\/\/www.giurgiuveanul.ro\/stiri\/wp-json\/wp\/v2\/posts\/62286\/revisions"}],"wp:attachment":[{"href":"https:\/\/www.giurgiuveanul.ro\/stiri\/wp-json\/wp\/v2\/media?parent=62286"}],"wp:term":[{"taxonomy":"category","embeddable":true,"href":"https:\/\/www.giurgiuveanul.ro\/stiri\/wp-json\/wp\/v2\/categories?post=62286"},{"taxonomy":"post_tag","embeddable":true,"href":"https:\/\/www.giurgiuveanul.ro\/stiri\/wp-json\/wp\/v2\/tags?post=62286"}],"curies":[{"name":"wp","href":"https:\/\/api.w.org\/{rel}","templated":true}]}}