{"id":62292,"date":"2019-08-26T16:56:18","date_gmt":"2019-08-26T13:56:18","guid":{"rendered":"https:\/\/www.giurgiuveanul.ro\/stiri\/?p=62292"},"modified":"2019-08-26T16:56:18","modified_gmt":"2019-08-26T13:56:18","slug":"ministerul-apararii-nationale-prelungeste-procesul-de-recrutare-pentru-rezervistii-voluntari","status":"publish","type":"post","link":"https:\/\/www.giurgiuveanul.ro\/stiri\/ministerul-apararii-nationale-prelungeste-procesul-de-recrutare-pentru-rezervistii-voluntari\/","title":{"rendered":"Ministerul Ap\u0103r\u0103rii Na\u0163ionale prelunge\u0219te procesul de recrutare pentru rezervi\u015ftii voluntari"},"content":{"rendered":"<p style=\"text-align: justify;\"><strong><a href=\"https:\/\/www.giurgiuveanul.ro\/stiri\/wp-content\/uploads\/2019\/08\/angajari-armata001.jpg\"><img loading=\"lazy\" decoding=\"async\" class=\"aligncenter size-large wp-image-62293\" src=\"https:\/\/www.giurgiuveanul.ro\/stiri\/wp-content\/uploads\/2019\/08\/angajari-armata001-560x373.jpg\" alt=\"angajari-armata001\" width=\"560\" height=\"373\" srcset=\"https:\/\/www.giurgiuveanul.ro\/stiri\/wp-content\/uploads\/2019\/08\/angajari-armata001-560x373.jpg 560w, https:\/\/www.giurgiuveanul.ro\/stiri\/wp-content\/uploads\/2019\/08\/angajari-armata001-250x167.jpg 250w, https:\/\/www.giurgiuveanul.ro\/stiri\/wp-content\/uploads\/2019\/08\/angajari-armata001-400x267.jpg 400w, https:\/\/www.giurgiuveanul.ro\/stiri\/wp-content\/uploads\/2019\/08\/angajari-armata001.jpg 720w\" sizes=\"auto, (max-width: 560px) 100vw, 560px\" \/><\/a>Ministerul Ap\u0103r\u0103rii Na\u0163ionale<!--more--> a prelungit, p\u00e2n\u0103 la data de 27.09.2019, campania de recrutare \u015fi selec\u0163ie pentru cet\u0103\u0163enii care doresc s\u0103 \u00eendeplineasc\u0103 serviciul militar \u00een rezerv\u0103 \u00een calitate de rezervist voluntar \u00een Armata Rom\u00e2niei pentru posturile de ofi\u0163eri, mai\u015ftri militari \u015fi subofi\u0163eri.<\/strong><\/p>\n<p>Acestea sunt disponibile \u00een unit\u0103\u0163i militare din jude\u0163ele Bac\u0103u, Bihor, Br\u0103ila, C\u0103l\u0103ra\u015fi, Cluj, Constan\u0163a, Covasna, Ilfov, Tulcea \u015fi din municipiul Bucure\u015fti.<\/p>\n<p>Procesul de recrutare \u015fi selec\u0163ie se desf\u0103\u015foar\u0103 \u00een baza Legii nr. 270\/2015 privind Statutul rezervi\u015ftilor voluntari \u015fi a Ordinului ministrului ap\u0103r\u0103rii na\u0163ionale nr. M. 25\/2017 pentru aprobarea Normelor metodologice de aplicare a Legii nr. 270\/2015.<\/p>\n<p>Pentru \u00eenscriere, cet\u0103\u0163enii se pot prezenta, at\u00e2t la sediul centrului militar zonal\/jude\u0163ean sau de sector pe a c\u0103rui raz\u0103 de responsabilitate \u00ee\u015fi au domiciliul, c\u00e2t \u015fi la oricare alt centru militar zonal\/jude\u0163ean sau de sector, \u00een situa\u0163ia \u00een care locul de munc\u0103 sau re\u015fedin\u0163a temporar\u0103 difer\u0103 de localitatea de domiciliu.<\/p>\n<p>La \u00eenscriere, cet\u0103\u0163enii care doresc s\u0103 \u00eendeplineasc\u0103 serviciul militar \u00een rezerv\u0103 \u00een calitate de rezervist voluntar \u00een Armata Rom\u00e2niei vor completa o cerere de \u00eenscriere.<\/p>\n<p>Totodat\u0103, vor avea asupra lor urm\u0103toarele documente, astfel:<br \/>\na) actul de identitate, \u00een original \u015fi \u00een copie;<br \/>\nb) certificatul de cazier judiciar, eliberat cu maxim \u015fase luni \u00eenainte de data depunerii;<br \/>\nc) acte de studii \u015fi\/sau alte documente care atest\u0103 alte competen\u0163e dob\u00e2ndite \u00een via\u0163a civil\u0103, \u00een original \u015fi \u00een copie;<br \/>\nd) permisul de conducere, \u00een original \u015fi \u00een copie, dac\u0103 este cazul, pentru candida\u0163ii f\u0103r\u0103 preg\u0103tire militar\u0103, dac\u0103 \u00eendeplinirea atribu\u0163iilor postului pentru care candideaz\u0103 presupune conducerea tehnicii specifice;<br \/>\ne) livretul militar, \u00een original \u015fi \u00een copie, dac\u0103 este cazul, numai pentru cei care de\u0163in calitatea de rezervist.<\/p>\n<p>La prezentarea la centrul militar, persoanele vor fi informate cu privire la etapele pe care le presupune procesul de recrutare \u015fi selec\u0163ie, respectiv unitatea militar\u0103 \u00een care urmeaz\u0103 s\u0103 sus\u0163in\u0103 probele de selec\u0163ie, unitatea sanitar\u0103 militar\u0103 unde urmeaz\u0103 s\u0103 sus\u0163in\u0103 examinarea medical\u0103 \u015fi unitatea militar\u0103\/centrul de instruire \u00een care se va executa programul de instruire ini\u0163ial\u0103, \u00een cazul candida\u0163ilor proveni\u0163i din r\u00e2ndul cet\u0103\u0163enilor f\u0103r\u0103 preg\u0103tire militar\u0103.<\/p>\n<p>De asemenea, candida\u0163ii proveni\u0163i din r\u00e2ndul cet\u0103\u0163enilor f\u0103r\u0103 preg\u0103tire militar\u0103 vor fi consilia\u0163i \u00een ceea ce prive\u015fte exprimarea op\u0163iunilor, \u00een sensul orient\u0103rii c\u0103tre arme\/servicii \u015fi specialit\u0103\u0163i militare pentru care ace\u015ftia prezint\u0103 abilit\u0103\u0163i \u015fi aptitudini.<\/p>\n<p>Pentru alte detalii suplimentare, recomand\u0103m prezentarea la sediul centrelor militare zonale\/jude\u0163ene sau de sector. Adresele po\u015ftale \u015fi datele de contact ale acestora sunt disponibile<br \/>\npe pagina de internet la adresa http:\/\/recrutare.mapn.ro\/index.php?pagina=Contact sau http:\/\/www.mapn.ro\/contact\/index.php.<\/p>\n<p>* * *<\/p>\n<p>Potrivit art. 15 alin. (2) din Legea nr. 270\/2015, pe perioada programului de instruire ini\u0163ial\u0103, rezervi\u015ftii voluntari beneficiaz\u0103 lunar de o sum\u0103 egal\u0103 cu solda de func\u0163ie corespunz\u0103toare unui soldat profesionist \u00een activitate, la care se adaug\u0103 solda gradului minim al fiec\u0103rui corp de personal militar pentru care se instruie\u015fte.<\/p>\n<p>Prima de fidelitate prev\u0103zut\u0103 la art. 5 alin. (1) lit. b) din Legea nr. 270\/2015, se acord\u0103 la semnarea fiec\u0103rui contract cu o durat\u0103 minim\u0103 de 3 ani \u015fi este egal\u0103 cu suma reprezent\u00e2nd solda de func\u0163ie pe care sunt \u00eencadra\u0163i (conform contractului \u00eencheiat) \u015fi solda gradului de\u0163inut.<\/p>\n<p>\u00cen vederea cre\u0219terii atractivit\u0103\u021bii serviciului militar \u00een calitate de rezervist voluntar, Ministerul Ap\u0103r\u0103rii Na\u021bionale a elaborat o serie de propuneri pentru modificarea \u015fi completarea Legii nr. 270\/2015 \u0219i Ordinului ministrului ap\u0103r\u0103rii na\u0163ionale nr. M.25\/2017, propuneri care se afl\u0103, la acest moment, \u00een procedur\u0103 de avizare interinstitu\u021bional\u0103.<\/p>\n<p>Una dintre aceste propuneri se refer\u0103 la cre\u015fterea nivelului de remunerare la semnarea contractului \u015fi pe durata acestuia, astfel \u00eenc\u00e2t prima de fidelitate s\u0103 se raporteze la salariul de baz\u0103 minim brut pe \u0163ar\u0103 garantat \u00een plat\u0103 \u015fi s\u0103 cuprind\u0103, \u00een plus fa\u0163\u0103 de prevederile actuale, grada\u0163iile \u015fi solda de comand\u0103, acolo unde este cazul, iar cuantumul remunera\u0163iei acordate \u00een perioada \u00een care rezervi\u015ftii voluntari nu particip\u0103 la instruire sau la misiuni, cuatumul sumei primite lunar s\u0103 fie m\u0103rit de la 10%, c\u00e2t este \u00een prezent, la 30% din solda de func\u0163ie, la care s\u0103 fie ad\u0103ugat\u0103 solda gradului de\u0163inut.<\/p>\n","protected":false},"excerpt":{"rendered":"<p>Ministerul Ap\u0103r\u0103rii Na\u0163ionale<\/p>\n","protected":false},"author":1,"featured_media":0,"comment_status":"open","ping_status":"open","sticky":false,"template":"","format":"standard","meta":{"footnotes":""},"categories":[6],"tags":[],"class_list":["post-62292","post","type-post","status-publish","format-standard","hentry","category-breaking-news"],"_links":{"self":[{"href":"https:\/\/www.giurgiuveanul.ro\/stiri\/wp-json\/wp\/v2\/posts\/62292","targetHints":{"allow":["GET"]}}],"collection":[{"href":"https:\/\/www.giurgiuveanul.ro\/stiri\/wp-json\/wp\/v2\/posts"}],"about":[{"href":"https:\/\/www.giurgiuveanul.ro\/stiri\/wp-json\/wp\/v2\/types\/post"}],"author":[{"embeddable":true,"href":"https:\/\/www.giurgiuveanul.ro\/stiri\/wp-json\/wp\/v2\/users\/1"}],"replies":[{"embeddable":true,"href":"https:\/\/www.giurgiuveanul.ro\/stiri\/wp-json\/wp\/v2\/comments?post=62292"}],"version-history":[{"count":0,"href":"https:\/\/www.giurgiuveanul.ro\/stiri\/wp-json\/wp\/v2\/posts\/62292\/revisions"}],"wp:attachment":[{"href":"https:\/\/www.giurgiuveanul.ro\/stiri\/wp-json\/wp\/v2\/media?parent=62292"}],"wp:term":[{"taxonomy":"category","embeddable":true,"href":"https:\/\/www.giurgiuveanul.ro\/stiri\/wp-json\/wp\/v2\/categories?post=62292"},{"taxonomy":"post_tag","embeddable":true,"href":"https:\/\/www.giurgiuveanul.ro\/stiri\/wp-json\/wp\/v2\/tags?post=62292"}],"curies":[{"name":"wp","href":"https:\/\/api.w.org\/{rel}","templated":true}]}}