{"id":62295,"date":"2019-08-26T17:16:21","date_gmt":"2019-08-26T14:16:21","guid":{"rendered":"https:\/\/www.giurgiuveanul.ro\/stiri\/?p=62295"},"modified":"2019-08-26T17:44:55","modified_gmt":"2019-08-26T14:44:55","slug":"dosar-nou-in-cazul-caracal-diicot-disjuns-si-trimis-la-siij-parte-din-dosarul-initial","status":"publish","type":"post","link":"https:\/\/www.giurgiuveanul.ro\/stiri\/dosar-nou-in-cazul-caracal-diicot-disjuns-si-trimis-la-siij-parte-din-dosarul-initial\/","title":{"rendered":"Dosar nou \u00een cazul Caracal: DIICOT a disjuns \u015fi a trimis la SIIJ o parte din dosarul ini\u0163ial"},"content":{"rendered":"<p style=\"text-align: justify;\"><a href=\"https:\/\/www.giurgiuveanul.ro\/stiri\/wp-content\/uploads\/2019\/08\/cumpanasu-alexandra.jpg\"><img loading=\"lazy\" decoding=\"async\" class=\"aligncenter size-large wp-image-62300\" src=\"https:\/\/www.giurgiuveanul.ro\/stiri\/wp-content\/uploads\/2019\/08\/cumpanasu-alexandra-560x315.jpg\" alt=\"cumpanasu-alexandra\" width=\"560\" height=\"315\" srcset=\"https:\/\/www.giurgiuveanul.ro\/stiri\/wp-content\/uploads\/2019\/08\/cumpanasu-alexandra-560x315.jpg 560w, https:\/\/www.giurgiuveanul.ro\/stiri\/wp-content\/uploads\/2019\/08\/cumpanasu-alexandra-250x141.jpg 250w, https:\/\/www.giurgiuveanul.ro\/stiri\/wp-content\/uploads\/2019\/08\/cumpanasu-alexandra-400x225.jpg 400w, https:\/\/www.giurgiuveanul.ro\/stiri\/wp-content\/uploads\/2019\/08\/cumpanasu-alexandra.jpg 664w\" sizes=\"auto, (max-width: 560px) 100vw, 560px\" \/><\/a>Procurorii DIICOT &#8211; Structura Central\u0103 au dispus<!--more--> disjungerea dosarului de la Caracal \u0219i declinarea competen\u021bei de solu\u021bionare \u00een favoarea Sec\u021biei pentru investigarea infrac\u021biunilor din justi\u021bie, sub aspectul comiterii infrac\u021biunii de neglijen\u021b\u0103 \u00een serviciu, cu privire la apelurile telefonice ini\u021biate de Alexandra M\u0103ce\u015fanu c\u0103tre Serviciul Unic de Urgen\u021b\u0103 112, respectiv cu privire la respectarea procedurilor specifice \u00een astfel de situa\u021bii, av\u00e2nd \u00een vedere faptul c\u0103 pe rolul acestei unit\u0103\u021bi de parchet exist\u0103 deja un dosar penal av\u00e2nd un obiect similar.<\/p>\n<div style=\"text-align: justify;\">Biroul de Informare \u0219i Rela\u021bii Publice din cadrul Direc\u021biei de Investigare a Infrac\u021biunilor de Criminalitate Organizat\u0103 \u0219i Terorism informeaz\u0103 c\u0103: &#8222;\u00cen perioada 20.08.2019 &#8211; 26.08.2019, procurorii DIICOT &#8211; Structura Central\u0103 \u00eempreun\u0103 cu poli\u021bi\u0219ti specializa\u021bi din cadrul Poli\u021biei Rom\u00e2ne, delega\u021bi \u00een cauz\u0103, au efectuat mai multe audieri, at\u00e2t la sediul Poli\u021biei Municipiului Caracal c\u00e2t \u0219i la sediul DIICOT- Structura Central\u0103.Totodat\u0103, procurorii de caz au dispus, prin ordonan\u021b\u0103, expertizarea tehnic\u0103 a autoturismului apar\u021bin\u00e2nd inculpatului Dinc\u0103 Gheorghe, precum \u0219i a altor mijloace de prob\u0103 ridicate cu ocazia perchezi\u021biei domiciliare.La data de 26.08.2019 procurorii DIICOT &#8211; Structura Central\u0103 au dispus disjungerea cauzei \u0219i declinarea competen\u021bei de solu\u021bionare \u00een favoarea Sec\u021biei pentru investigarea infrac\u021biunilor din justi\u021bie, sub aspectul comiterii infrac\u021biunii de neglijen\u021b\u0103 \u00een serviciu, prev. de art. 298 C.p., cu privire la apelurile telefonice ini\u021biate de victima M.A.M. c\u0103tre Serviciul Unic de Urgen\u021b\u0103 112, respectiv cu privire la respectarea procedurilor specifice \u00een astfel de situa\u021bii, av\u00e2nd \u00een vedere faptul c\u0103 pe rolul acestei unit\u0103\u021bi de parchet exist\u0103 deja un dosar penal av\u00e2nd un obiect similar.La data de 23.08.2019 a fost finalizat\u0103 activitatea de scanare a solului din curtea imobilului inculpatului, urm\u00e2nd a fi efectuat\u0103, cu un alt dispozitiv specific, activitatea de scanare a zonelor cimentate \u0219i zidite.<\/p>\n<p>De ast\u0103zi, 26.08.2019, continu\u0103 perchezi\u021bia domiciliar\u0103, \u00een baza unui nou mandat emis de c\u0103tre Tribunalul Bucure\u0219ti pentru o perioad\u0103 de 15 zile.<\/p>\n<p>Procurorii Sec\u0163iei pentru anchetarea magistra\u0163ilor au deja un dosar in rem \u00een cazul Caracal, faptele cercetate fiind abuz \u00een serviciu \u00een cazul de la Caracal, privind modul cum oamenii legii au instrumentat dosarul.<\/p>\n<\/div>\n","protected":false},"excerpt":{"rendered":"<p>Procurorii DIICOT &#8211; Structura Central\u0103 au dispus<\/p>\n","protected":false},"author":1,"featured_media":0,"comment_status":"open","ping_status":"open","sticky":false,"template":"","format":"standard","meta":{"footnotes":""},"categories":[6],"tags":[],"class_list":["post-62295","post","type-post","status-publish","format-standard","hentry","category-breaking-news"],"_links":{"self":[{"href":"https:\/\/www.giurgiuveanul.ro\/stiri\/wp-json\/wp\/v2\/posts\/62295","targetHints":{"allow":["GET"]}}],"collection":[{"href":"https:\/\/www.giurgiuveanul.ro\/stiri\/wp-json\/wp\/v2\/posts"}],"about":[{"href":"https:\/\/www.giurgiuveanul.ro\/stiri\/wp-json\/wp\/v2\/types\/post"}],"author":[{"embeddable":true,"href":"https:\/\/www.giurgiuveanul.ro\/stiri\/wp-json\/wp\/v2\/users\/1"}],"replies":[{"embeddable":true,"href":"https:\/\/www.giurgiuveanul.ro\/stiri\/wp-json\/wp\/v2\/comments?post=62295"}],"version-history":[{"count":0,"href":"https:\/\/www.giurgiuveanul.ro\/stiri\/wp-json\/wp\/v2\/posts\/62295\/revisions"}],"wp:attachment":[{"href":"https:\/\/www.giurgiuveanul.ro\/stiri\/wp-json\/wp\/v2\/media?parent=62295"}],"wp:term":[{"taxonomy":"category","embeddable":true,"href":"https:\/\/www.giurgiuveanul.ro\/stiri\/wp-json\/wp\/v2\/categories?post=62295"},{"taxonomy":"post_tag","embeddable":true,"href":"https:\/\/www.giurgiuveanul.ro\/stiri\/wp-json\/wp\/v2\/tags?post=62295"}],"curies":[{"name":"wp","href":"https:\/\/api.w.org\/{rel}","templated":true}]}}