{"id":62310,"date":"2019-08-26T20:31:49","date_gmt":"2019-08-26T17:31:49","guid":{"rendered":"https:\/\/www.giurgiuveanul.ro\/stiri\/?p=62310"},"modified":"2019-08-26T20:31:49","modified_gmt":"2019-08-26T17:31:49","slug":"inca-autoturism-cuprins-de-flacari-foto","status":"publish","type":"post","link":"https:\/\/www.giurgiuveanul.ro\/stiri\/inca-autoturism-cuprins-de-flacari-foto\/","title":{"rendered":"\u00cenc\u0103 un autoturism cuprins de fl\u0103c\u0103ri! (FOTO)"},"content":{"rendered":"<p><a href=\"https:\/\/www.giurgiuveanul.ro\/stiri\/wp-content\/uploads\/2019\/08\/WhatsApp-Image-2019-08-26-at-18.56.42.jpeg\"><img loading=\"lazy\" decoding=\"async\" class=\"aligncenter size-large wp-image-62311\" src=\"https:\/\/www.giurgiuveanul.ro\/stiri\/wp-content\/uploads\/2019\/08\/WhatsApp-Image-2019-08-26-at-18.56.42-560x272.jpeg\" alt=\"WhatsApp Image 2019-08-26 at 18.56.42\" width=\"560\" height=\"272\" srcset=\"https:\/\/www.giurgiuveanul.ro\/stiri\/wp-content\/uploads\/2019\/08\/WhatsApp-Image-2019-08-26-at-18.56.42-560x272.jpeg 560w, https:\/\/www.giurgiuveanul.ro\/stiri\/wp-content\/uploads\/2019\/08\/WhatsApp-Image-2019-08-26-at-18.56.42-250x121.jpeg 250w, https:\/\/www.giurgiuveanul.ro\/stiri\/wp-content\/uploads\/2019\/08\/WhatsApp-Image-2019-08-26-at-18.56.42-400x194.jpeg 400w, https:\/\/www.giurgiuveanul.ro\/stiri\/wp-content\/uploads\/2019\/08\/WhatsApp-Image-2019-08-26-at-18.56.42.jpeg 1600w\" sizes=\"auto, (max-width: 560px) 100vw, 560px\" \/><\/a>\u00cenc\u0103 un incendiu de autoturism\u00a0s-a produs ast\u0103zi, \u00een jurul orei<!--more--> 18:00, \u00een localitatea Uzunu, pe DN 5.<\/p>\n<p>Potrivit ISU Giurgiu, nu s-au \u00eenregistrat victime.<\/p>\n<p>Incendiul se manifesta la compartimentul motor.<\/p>\n<p>Au intervenit pompierii de la\u00a0 Punctul de lucru C\u0103lug\u0103reni.<\/p>\n<p><em><strong>FOTO ISU Giurgiu<\/strong><\/em><\/p>\n","protected":false},"excerpt":{"rendered":"<p>\u00cenc\u0103 un incendiu de autoturism\u00a0s-a produs ast\u0103zi, \u00een jurul orei<\/p>\n","protected":false},"author":1,"featured_media":0,"comment_status":"open","ping_status":"open","sticky":false,"template":"","format":"standard","meta":{"footnotes":""},"categories":[6],"tags":[],"class_list":["post-62310","post","type-post","status-publish","format-standard","hentry","category-breaking-news"],"_links":{"self":[{"href":"https:\/\/www.giurgiuveanul.ro\/stiri\/wp-json\/wp\/v2\/posts\/62310","targetHints":{"allow":["GET"]}}],"collection":[{"href":"https:\/\/www.giurgiuveanul.ro\/stiri\/wp-json\/wp\/v2\/posts"}],"about":[{"href":"https:\/\/www.giurgiuveanul.ro\/stiri\/wp-json\/wp\/v2\/types\/post"}],"author":[{"embeddable":true,"href":"https:\/\/www.giurgiuveanul.ro\/stiri\/wp-json\/wp\/v2\/users\/1"}],"replies":[{"embeddable":true,"href":"https:\/\/www.giurgiuveanul.ro\/stiri\/wp-json\/wp\/v2\/comments?post=62310"}],"version-history":[{"count":0,"href":"https:\/\/www.giurgiuveanul.ro\/stiri\/wp-json\/wp\/v2\/posts\/62310\/revisions"}],"wp:attachment":[{"href":"https:\/\/www.giurgiuveanul.ro\/stiri\/wp-json\/wp\/v2\/media?parent=62310"}],"wp:term":[{"taxonomy":"category","embeddable":true,"href":"https:\/\/www.giurgiuveanul.ro\/stiri\/wp-json\/wp\/v2\/categories?post=62310"},{"taxonomy":"post_tag","embeddable":true,"href":"https:\/\/www.giurgiuveanul.ro\/stiri\/wp-json\/wp\/v2\/tags?post=62310"}],"curies":[{"name":"wp","href":"https:\/\/api.w.org\/{rel}","templated":true}]}}