{"id":62313,"date":"2019-08-26T20:48:22","date_gmt":"2019-08-26T17:48:22","guid":{"rendered":"https:\/\/www.giurgiuveanul.ro\/stiri\/?p=62313"},"modified":"2019-08-26T20:48:22","modified_gmt":"2019-08-26T17:48:22","slug":"autoturism-iesit-in-decor-la-daia-foto","status":"publish","type":"post","link":"https:\/\/www.giurgiuveanul.ro\/stiri\/autoturism-iesit-in-decor-la-daia-foto\/","title":{"rendered":"Autoturism ie\u015fit \u00een decor, la Daia! (FOTO)"},"content":{"rendered":"<p><a href=\"https:\/\/www.giurgiuveanul.ro\/stiri\/wp-content\/uploads\/2019\/08\/WhatsApp-Image-2019-08-26-at-17.13.07.jpeg\"><img loading=\"lazy\" decoding=\"async\" class=\"aligncenter size-large wp-image-62314\" src=\"https:\/\/www.giurgiuveanul.ro\/stiri\/wp-content\/uploads\/2019\/08\/WhatsApp-Image-2019-08-26-at-17.13.07-338x450.jpeg\" alt=\"WhatsApp Image 2019-08-26 at 17.13.07\" width=\"338\" height=\"450\" srcset=\"https:\/\/www.giurgiuveanul.ro\/stiri\/wp-content\/uploads\/2019\/08\/WhatsApp-Image-2019-08-26-at-17.13.07-338x450.jpeg 338w, https:\/\/www.giurgiuveanul.ro\/stiri\/wp-content\/uploads\/2019\/08\/WhatsApp-Image-2019-08-26-at-17.13.07-225x300.jpeg 225w, https:\/\/www.giurgiuveanul.ro\/stiri\/wp-content\/uploads\/2019\/08\/WhatsApp-Image-2019-08-26-at-17.13.07-400x533.jpeg 400w, https:\/\/www.giurgiuveanul.ro\/stiri\/wp-content\/uploads\/2019\/08\/WhatsApp-Image-2019-08-26-at-17.13.07.jpeg 1200w\" sizes=\"auto, (max-width: 338px) 100vw, 338px\" \/><\/a>Accident rutier \u00een<!--more--> aceast\u0103 dup\u0103-amiaz\u0103, \u00een localitatea Daia.<\/p>\n<p>Potrivit informa\u0163iilor oferite de ISU Giurgiu, a fost vorba despre un autoturism r\u0103sturnat, f\u0103r\u0103 persoane \u00eencarcerate.<\/p>\n<p>Au intervenit pompierii din cadrul Deta\u015famentului Giurgiu.<\/p>\n<p>Vom reveni cu am\u0103nunte de la Poli\u0163ie.<\/p>\n<p><strong>FOTO ISU Giurgiu<\/strong><\/p>\n","protected":false},"excerpt":{"rendered":"<p>Accident rutier \u00een<\/p>\n","protected":false},"author":1,"featured_media":0,"comment_status":"open","ping_status":"open","sticky":false,"template":"","format":"standard","meta":{"footnotes":""},"categories":[6],"tags":[],"class_list":["post-62313","post","type-post","status-publish","format-standard","hentry","category-breaking-news"],"_links":{"self":[{"href":"https:\/\/www.giurgiuveanul.ro\/stiri\/wp-json\/wp\/v2\/posts\/62313","targetHints":{"allow":["GET"]}}],"collection":[{"href":"https:\/\/www.giurgiuveanul.ro\/stiri\/wp-json\/wp\/v2\/posts"}],"about":[{"href":"https:\/\/www.giurgiuveanul.ro\/stiri\/wp-json\/wp\/v2\/types\/post"}],"author":[{"embeddable":true,"href":"https:\/\/www.giurgiuveanul.ro\/stiri\/wp-json\/wp\/v2\/users\/1"}],"replies":[{"embeddable":true,"href":"https:\/\/www.giurgiuveanul.ro\/stiri\/wp-json\/wp\/v2\/comments?post=62313"}],"version-history":[{"count":0,"href":"https:\/\/www.giurgiuveanul.ro\/stiri\/wp-json\/wp\/v2\/posts\/62313\/revisions"}],"wp:attachment":[{"href":"https:\/\/www.giurgiuveanul.ro\/stiri\/wp-json\/wp\/v2\/media?parent=62313"}],"wp:term":[{"taxonomy":"category","embeddable":true,"href":"https:\/\/www.giurgiuveanul.ro\/stiri\/wp-json\/wp\/v2\/categories?post=62313"},{"taxonomy":"post_tag","embeddable":true,"href":"https:\/\/www.giurgiuveanul.ro\/stiri\/wp-json\/wp\/v2\/tags?post=62313"}],"curies":[{"name":"wp","href":"https:\/\/api.w.org\/{rel}","templated":true}]}}