{"id":62316,"date":"2019-08-27T08:52:58","date_gmt":"2019-08-27T05:52:58","guid":{"rendered":"https:\/\/www.giurgiuveanul.ro\/stiri\/?p=62316"},"modified":"2019-08-27T08:52:58","modified_gmt":"2019-08-27T05:52:58","slug":"accident-rutier-soldat-cu-victima-foto-3","status":"publish","type":"post","link":"https:\/\/www.giurgiuveanul.ro\/stiri\/accident-rutier-soldat-cu-victima-foto-3\/","title":{"rendered":"ACCIDENT RUTIER soldat cu o victim\u0103! (FOTO)"},"content":{"rendered":"<p style=\"text-align: justify;\"><a href=\"https:\/\/www.giurgiuveanul.ro\/stiri\/wp-content\/uploads\/2019\/08\/69515085_887559701600103_5743290217364717568_n.jpg\"><img loading=\"lazy\" decoding=\"async\" class=\"aligncenter size-large wp-image-62317\" src=\"https:\/\/www.giurgiuveanul.ro\/stiri\/wp-content\/uploads\/2019\/08\/69515085_887559701600103_5743290217364717568_n-560x420.jpg\" alt=\"69515085_887559701600103_5743290217364717568_n\" width=\"560\" height=\"420\" srcset=\"https:\/\/www.giurgiuveanul.ro\/stiri\/wp-content\/uploads\/2019\/08\/69515085_887559701600103_5743290217364717568_n-560x420.jpg 560w, https:\/\/www.giurgiuveanul.ro\/stiri\/wp-content\/uploads\/2019\/08\/69515085_887559701600103_5743290217364717568_n-250x188.jpg 250w, https:\/\/www.giurgiuveanul.ro\/stiri\/wp-content\/uploads\/2019\/08\/69515085_887559701600103_5743290217364717568_n-400x300.jpg 400w, https:\/\/www.giurgiuveanul.ro\/stiri\/wp-content\/uploads\/2019\/08\/69515085_887559701600103_5743290217364717568_n.jpg 1600w\" sizes=\"auto, (max-width: 560px) 100vw, 560px\" \/><\/a>\u00cen aceast\u0103 diminea\u021b\u0103, la ora<!--more--> 5.25, pe DN 61, \u00een comuna Buc\u0219ani, un autocamion, condus de c\u0103tre un cet\u0103\u021bean bulgar, de 45 de ani, nu a p\u0103strat o distan\u021b\u0103 regulamentara \u00een mers fata de un microbuz care circula in fata sa, condus de c\u0103tre un b\u0103rbat, de 59 de ani, din comuna Buc\u0219ani, \u0219i a intrat \u00een coliziune cu acesta.<\/p>\n<p style=\"text-align: justify;\">\u00cen urma evenimentului rutier a rezultat r\u0103nirea unui b\u0103rbat, de 35 de ani, din comuna Buc\u0219ani, pasager \u00een microbuz.<\/p>\n<p style=\"text-align: justify;\">Conduc\u0103torii au fost testa\u021bi cu aparatul alcooltest, rezultatele fiind negative.<\/p>\n<p style=\"text-align: justify;\">Se efectueaz\u0103 cercet\u0103ri sub aspectul s\u0103v\u00e2r\u0219irii infrac\u021biunii de v\u0103t\u0103mare corporal\u0103 culp\u0103.<\/p>\n","protected":false},"excerpt":{"rendered":"<p>\u00cen aceast\u0103 diminea\u021b\u0103, la ora<\/p>\n","protected":false},"author":1,"featured_media":0,"comment_status":"open","ping_status":"open","sticky":false,"template":"","format":"standard","meta":{"footnotes":""},"categories":[6],"tags":[],"class_list":["post-62316","post","type-post","status-publish","format-standard","hentry","category-breaking-news"],"_links":{"self":[{"href":"https:\/\/www.giurgiuveanul.ro\/stiri\/wp-json\/wp\/v2\/posts\/62316","targetHints":{"allow":["GET"]}}],"collection":[{"href":"https:\/\/www.giurgiuveanul.ro\/stiri\/wp-json\/wp\/v2\/posts"}],"about":[{"href":"https:\/\/www.giurgiuveanul.ro\/stiri\/wp-json\/wp\/v2\/types\/post"}],"author":[{"embeddable":true,"href":"https:\/\/www.giurgiuveanul.ro\/stiri\/wp-json\/wp\/v2\/users\/1"}],"replies":[{"embeddable":true,"href":"https:\/\/www.giurgiuveanul.ro\/stiri\/wp-json\/wp\/v2\/comments?post=62316"}],"version-history":[{"count":0,"href":"https:\/\/www.giurgiuveanul.ro\/stiri\/wp-json\/wp\/v2\/posts\/62316\/revisions"}],"wp:attachment":[{"href":"https:\/\/www.giurgiuveanul.ro\/stiri\/wp-json\/wp\/v2\/media?parent=62316"}],"wp:term":[{"taxonomy":"category","embeddable":true,"href":"https:\/\/www.giurgiuveanul.ro\/stiri\/wp-json\/wp\/v2\/categories?post=62316"},{"taxonomy":"post_tag","embeddable":true,"href":"https:\/\/www.giurgiuveanul.ro\/stiri\/wp-json\/wp\/v2\/tags?post=62316"}],"curies":[{"name":"wp","href":"https:\/\/api.w.org\/{rel}","templated":true}]}}