{"id":62322,"date":"2019-08-27T15:59:49","date_gmt":"2019-08-27T12:59:49","guid":{"rendered":"https:\/\/www.giurgiuveanul.ro\/stiri\/?p=62322"},"modified":"2019-08-27T15:59:49","modified_gmt":"2019-08-27T12:59:49","slug":"guvernul-mareste-de-cinci-ori-amenda-pentru-apelurile-false-la-112-localizare-prin-112-cartele-pre-pay-doar-cu-buletinul","status":"publish","type":"post","link":"https:\/\/www.giurgiuveanul.ro\/stiri\/guvernul-mareste-de-cinci-ori-amenda-pentru-apelurile-false-la-112-localizare-prin-112-cartele-pre-pay-doar-cu-buletinul\/","title":{"rendered":"Guvernul m\u0103re\u015fte de cinci ori amenda pentru apelurile false la 112! Localizare prin 112, cartele pre-pay doar cu buletinul!"},"content":{"rendered":"<p style=\"text-align: justify;\"><a href=\"https:\/\/www.giurgiuveanul.ro\/stiri\/wp-content\/uploads\/2019\/08\/162357.jpg\"><img loading=\"lazy\" decoding=\"async\" class=\"aligncenter size-large wp-image-62323\" src=\"https:\/\/www.giurgiuveanul.ro\/stiri\/wp-content\/uploads\/2019\/08\/162357-560x391.jpg\" alt=\"162357\" width=\"560\" height=\"391\" srcset=\"https:\/\/www.giurgiuveanul.ro\/stiri\/wp-content\/uploads\/2019\/08\/162357-560x391.jpg 560w, https:\/\/www.giurgiuveanul.ro\/stiri\/wp-content\/uploads\/2019\/08\/162357-250x175.jpg 250w, https:\/\/www.giurgiuveanul.ro\/stiri\/wp-content\/uploads\/2019\/08\/162357-400x279.jpg 400w, https:\/\/www.giurgiuveanul.ro\/stiri\/wp-content\/uploads\/2019\/08\/162357.jpg 640w\" sizes=\"auto, (max-width: 560px) 100vw, 560px\" \/><\/a>Premierul Viorica D\u0103ncil\u0103 a anun\u0163at, la<!--more--> \u00eenceputul \u015fedin\u0163ei de guvern, c\u0103 Executivul urmeaz\u0103 s\u0103 adopte un act normativ care va cuprinde mai multe m\u0103suri pentru \u00eembun\u0103t\u0103\u0163irea sistemului de urgen\u0163\u0103 112. Printre m\u0103suri se num\u0103r\u0103 localizarea celor care sun\u0103 la 112, asocierea fiec\u0103rui num\u0103r de telefon cu un nume, inclusiv a cartelelor pre-pay, dar \u015fi majorarea amenzilor \u00een cazul apelurilor false la 112.<\/p>\n<div style=\"text-align: justify;\"><em>&#8222;Am identificat un pachet amplu de m\u0103suri pe care le punem treptat \u00een practic\u0103. Aprob\u0103m ast\u0103zi un act normativ prin care asigur\u0103m un r\u0103spuns c\u00e2t mai prompt, prin \u00eembun\u0103t\u0103\u021birea modului de localizare a celor care apeleaz\u0103 Serviciul unic 112, implementarea rapid\u0103 a sistemului AML, care va permite localizarea mult mai precis\u0103 a celor care apeleaz\u0103 112. Este necesar\u0103 identificarea apelantului prin asocierea num\u0103rului de telefon cu datele celui care folose\u0219te num\u0103rul. Este necesar\u0103 o insprire a pedepselor pentru cei care apeleaz\u0103 abuziv 112. Vom major\u0103 cuantumul amenzilor ce vor fi aplicate persoanelor care alerteaz\u0103 \u00een mod fals echipajele, de la 1.000 de lei la 5.000 de lei<\/em>&#8222;, a declarat Viorica D\u0103ncil\u0103.<\/div>\n","protected":false},"excerpt":{"rendered":"<p>Premierul Viorica D\u0103ncil\u0103 a anun\u0163at, la<\/p>\n","protected":false},"author":1,"featured_media":0,"comment_status":"open","ping_status":"open","sticky":false,"template":"","format":"standard","meta":{"footnotes":""},"categories":[6],"tags":[],"class_list":["post-62322","post","type-post","status-publish","format-standard","hentry","category-breaking-news"],"_links":{"self":[{"href":"https:\/\/www.giurgiuveanul.ro\/stiri\/wp-json\/wp\/v2\/posts\/62322","targetHints":{"allow":["GET"]}}],"collection":[{"href":"https:\/\/www.giurgiuveanul.ro\/stiri\/wp-json\/wp\/v2\/posts"}],"about":[{"href":"https:\/\/www.giurgiuveanul.ro\/stiri\/wp-json\/wp\/v2\/types\/post"}],"author":[{"embeddable":true,"href":"https:\/\/www.giurgiuveanul.ro\/stiri\/wp-json\/wp\/v2\/users\/1"}],"replies":[{"embeddable":true,"href":"https:\/\/www.giurgiuveanul.ro\/stiri\/wp-json\/wp\/v2\/comments?post=62322"}],"version-history":[{"count":0,"href":"https:\/\/www.giurgiuveanul.ro\/stiri\/wp-json\/wp\/v2\/posts\/62322\/revisions"}],"wp:attachment":[{"href":"https:\/\/www.giurgiuveanul.ro\/stiri\/wp-json\/wp\/v2\/media?parent=62322"}],"wp:term":[{"taxonomy":"category","embeddable":true,"href":"https:\/\/www.giurgiuveanul.ro\/stiri\/wp-json\/wp\/v2\/categories?post=62322"},{"taxonomy":"post_tag","embeddable":true,"href":"https:\/\/www.giurgiuveanul.ro\/stiri\/wp-json\/wp\/v2\/tags?post=62322"}],"curies":[{"name":"wp","href":"https:\/\/api.w.org\/{rel}","templated":true}]}}