{"id":62332,"date":"2019-08-27T18:57:23","date_gmt":"2019-08-27T15:57:23","guid":{"rendered":"https:\/\/www.giurgiuveanul.ro\/stiri\/?p=62332"},"modified":"2019-08-27T18:58:22","modified_gmt":"2019-08-27T15:58:22","slug":"accidentul-rutier-de-la-oinacu-primele-informatii-foto","status":"publish","type":"post","link":"https:\/\/www.giurgiuveanul.ro\/stiri\/accidentul-rutier-de-la-oinacu-primele-informatii-foto\/","title":{"rendered":"ACCIDENTUL RUTIER de la Oinacu, primele informa\u0163ii (FOTO)"},"content":{"rendered":"<p style=\"text-align: justify;\"><a href=\"https:\/\/www.giurgiuveanul.ro\/stiri\/wp-content\/uploads\/2019\/08\/69483088_1067922510063417_2096973660072968192_n.jpg\"><img loading=\"lazy\" decoding=\"async\" class=\"aligncenter size-large wp-image-62333\" src=\"https:\/\/www.giurgiuveanul.ro\/stiri\/wp-content\/uploads\/2019\/08\/69483088_1067922510063417_2096973660072968192_n-560x420.jpg\" alt=\"69483088_1067922510063417_2096973660072968192_n\" width=\"560\" height=\"420\" srcset=\"https:\/\/www.giurgiuveanul.ro\/stiri\/wp-content\/uploads\/2019\/08\/69483088_1067922510063417_2096973660072968192_n-560x420.jpg 560w, https:\/\/www.giurgiuveanul.ro\/stiri\/wp-content\/uploads\/2019\/08\/69483088_1067922510063417_2096973660072968192_n-250x188.jpg 250w, https:\/\/www.giurgiuveanul.ro\/stiri\/wp-content\/uploads\/2019\/08\/69483088_1067922510063417_2096973660072968192_n-400x300.jpg 400w, https:\/\/www.giurgiuveanul.ro\/stiri\/wp-content\/uploads\/2019\/08\/69483088_1067922510063417_2096973660072968192_n.jpg 1600w\" sizes=\"auto, (max-width: 560px) 100vw, 560px\" \/><\/a>A\u015fa dup\u0103 cum v-am mai informat, ast\u0103zi, la ora<!--more--> 17:50, s-a produs un accident rutier, la Oinacu, pe DJ 507.<\/p>\n<p style=\"text-align: justify;\"><a href=\"https:\/\/www.giurgiuveanul.ro\/stiri\/wp-content\/uploads\/2019\/08\/69262827_512574879501324_4033966887950876672_n.jpg\"><img loading=\"lazy\" decoding=\"async\" class=\"aligncenter size-large wp-image-62334\" src=\"https:\/\/www.giurgiuveanul.ro\/stiri\/wp-content\/uploads\/2019\/08\/69262827_512574879501324_4033966887950876672_n-253x450.jpg\" alt=\"69262827_512574879501324_4033966887950876672_n\" width=\"253\" height=\"450\" srcset=\"https:\/\/www.giurgiuveanul.ro\/stiri\/wp-content\/uploads\/2019\/08\/69262827_512574879501324_4033966887950876672_n-253x450.jpg 253w, https:\/\/www.giurgiuveanul.ro\/stiri\/wp-content\/uploads\/2019\/08\/69262827_512574879501324_4033966887950876672_n-169x300.jpg 169w, https:\/\/www.giurgiuveanul.ro\/stiri\/wp-content\/uploads\/2019\/08\/69262827_512574879501324_4033966887950876672_n-338x600.jpg 338w, https:\/\/www.giurgiuveanul.ro\/stiri\/wp-content\/uploads\/2019\/08\/69262827_512574879501324_4033966887950876672_n.jpg 450w\" sizes=\"auto, (max-width: 253px) 100vw, 253px\" \/><\/a><\/p>\n<p style=\"text-align: justify;\">Potrivit informa\u0163iilor oferite de ISU Giurgiu, un autoturism s-a r\u0103sturnat \u00een afara carosabilului. Trei persoane au fost implicate, toate necesit\u0103 \u00eengrijiri medicale <em>(dou\u0103 au fost preluate de SAJ \u015fi una de SMURD)<\/em>.<\/p>\n<p style=\"text-align: justify;\">Victimele nu au r\u0103mas\u00a0\u00eencarcerate. Pompierii din cadrul Deta\u015famentului Giurgiu intervin pentru asigurarea m\u0103surilor PSI la fa\u0163a locului \u015fi sablarea carosabilului. Circula\u021bia se desf\u0103\u0219oar\u0103 pe un singur sens de mers.<\/p>\n<p style=\"text-align: justify;\">Toate victimele sunt con\u015ftiente \u015fi cooperante, mai informeaz\u0103 ISU.<\/p>\n<p style=\"text-align: justify;\"><em><strong>FOTO ISU Giurgiu<\/strong><\/em><\/p>\n","protected":false},"excerpt":{"rendered":"<p>A\u015fa dup\u0103 cum v-am mai informat, ast\u0103zi, la ora<\/p>\n","protected":false},"author":1,"featured_media":0,"comment_status":"open","ping_status":"open","sticky":false,"template":"","format":"standard","meta":{"footnotes":""},"categories":[6],"tags":[],"class_list":["post-62332","post","type-post","status-publish","format-standard","hentry","category-breaking-news"],"_links":{"self":[{"href":"https:\/\/www.giurgiuveanul.ro\/stiri\/wp-json\/wp\/v2\/posts\/62332","targetHints":{"allow":["GET"]}}],"collection":[{"href":"https:\/\/www.giurgiuveanul.ro\/stiri\/wp-json\/wp\/v2\/posts"}],"about":[{"href":"https:\/\/www.giurgiuveanul.ro\/stiri\/wp-json\/wp\/v2\/types\/post"}],"author":[{"embeddable":true,"href":"https:\/\/www.giurgiuveanul.ro\/stiri\/wp-json\/wp\/v2\/users\/1"}],"replies":[{"embeddable":true,"href":"https:\/\/www.giurgiuveanul.ro\/stiri\/wp-json\/wp\/v2\/comments?post=62332"}],"version-history":[{"count":0,"href":"https:\/\/www.giurgiuveanul.ro\/stiri\/wp-json\/wp\/v2\/posts\/62332\/revisions"}],"wp:attachment":[{"href":"https:\/\/www.giurgiuveanul.ro\/stiri\/wp-json\/wp\/v2\/media?parent=62332"}],"wp:term":[{"taxonomy":"category","embeddable":true,"href":"https:\/\/www.giurgiuveanul.ro\/stiri\/wp-json\/wp\/v2\/categories?post=62332"},{"taxonomy":"post_tag","embeddable":true,"href":"https:\/\/www.giurgiuveanul.ro\/stiri\/wp-json\/wp\/v2\/tags?post=62332"}],"curies":[{"name":"wp","href":"https:\/\/api.w.org\/{rel}","templated":true}]}}