{"id":62337,"date":"2019-08-28T08:35:36","date_gmt":"2019-08-28T05:35:36","guid":{"rendered":"https:\/\/www.giurgiuveanul.ro\/stiri\/?p=62337"},"modified":"2019-08-28T08:32:57","modified_gmt":"2019-08-28T05:32:57","slug":"patruns-in-locuinta-mamei-sale-desi-avea-emis-ordin-de-protectie-provizoriu","status":"publish","type":"post","link":"https:\/\/www.giurgiuveanul.ro\/stiri\/patruns-in-locuinta-mamei-sale-desi-avea-emis-ordin-de-protectie-provizoriu\/","title":{"rendered":"A p\u0103truns \u00een locuin\u021ba mamei sale, de\u0219i avea emis ordin de protec\u021bie provizoriu"},"content":{"rendered":"<p style=\"text-align: justify;\"><strong><a href=\"https:\/\/www.giurgiuveanul.ro\/stiri\/wp-content\/uploads\/2019\/08\/politie.jpg\"><img loading=\"lazy\" decoding=\"async\" class=\"aligncenter size-large wp-image-62338\" src=\"https:\/\/www.giurgiuveanul.ro\/stiri\/wp-content\/uploads\/2019\/08\/politie-560x366.jpg\" alt=\"politie\" width=\"560\" height=\"366\" srcset=\"https:\/\/www.giurgiuveanul.ro\/stiri\/wp-content\/uploads\/2019\/08\/politie-560x366.jpg 560w, https:\/\/www.giurgiuveanul.ro\/stiri\/wp-content\/uploads\/2019\/08\/politie-250x163.jpg 250w, https:\/\/www.giurgiuveanul.ro\/stiri\/wp-content\/uploads\/2019\/08\/politie-400x261.jpg 400w, https:\/\/www.giurgiuveanul.ro\/stiri\/wp-content\/uploads\/2019\/08\/politie.jpg 900w\" sizes=\"auto, (max-width: 560px) 100vw, 560px\" \/><\/a>Un b\u0103rbat<!--more--> este cercetat de poli\u021bi\u0219ti dup\u0103 ce a p\u0103truns \u00een locuin\u021ba mamei sale, din comuna Comana, de\u0219i avea ordin de protec\u021bie provizoriu emis de poli\u0163i\u015fti<em>.<\/em><\/strong><\/p>\n<p style=\"text-align: justify;\">Luni, 26 august a.c., \u00een jurul orelor 01.15, Poli\u021bia Municipiului Giurgiu a fost sesizat\u0103 prin S.N.U.A.U. 112, de c\u0103tre o femeie, din comuna Comana, cu privire la faptul c\u0103 fiul s\u0103u, pe numele c\u0103ruia a fost emis ordin de protec\u021bie provizoriu, a p\u0103truns abuziv \u00een curtea locuin\u021bei.<\/p>\n<p style=\"text-align: justify;\">\u00cen baza sesiz\u0103rii, poli\u021bi\u0219ti s-au deplasat la fa\u021ba locului, ocazie cu care au constatat faptul c\u0103, \u00een data de 26 august a.c., \u00een jurul orelor 1.00, fiul femeii a p\u0103truns \u00een locuin\u021ba acesteia, din comuna Comana, jude\u021bul Giurgiu, pentru a-\u0219i lua o suma de bani.<\/p>\n<p style=\"text-align: justify;\">Tot cu aceasta ocazie, la fa\u021ba locului a fost identificat \u0219i cel\u0103lalt fiu al femeii, care a declarat faptul ca \u00een noaptea de 26 august a.c., \u00een jurul orelor 1.15, \u00een timp ce fratele s\u0103u p\u0103r\u0103sea curtea imobilului, l-a amenin\u021bat cu un cu\u021bit, provoc\u00e2ndu-i o stare de temere.<\/p>\n<p style=\"text-align: justify;\">\u00centruc\u00e2t b\u0103rbatul \u00een cauz\u0103 a \u00eenc\u0103lcat masurile stabilite prin ordinul de protec\u021bie provizoriu \u015fi a p\u0103truns in imobilul mamei sale, de\u0219i avea obliga\u021bia de a nu se apropia la o distanta mai mic\u0103 de 200 de metri de aceasta, a fost \u00eentocmit dosar penal sub aspectul s\u0103v\u00e2r\u0219irii infrac\u021biunilor de \u00eenc\u0103lcare a masurilor prev\u0103zute \u00een ordinul de protec\u021bie \u015fi\u00a0 amenin\u021bare.<\/p>\n","protected":false},"excerpt":{"rendered":"<p>Un b\u0103rbat<\/p>\n","protected":false},"author":1,"featured_media":0,"comment_status":"open","ping_status":"open","sticky":false,"template":"","format":"standard","meta":{"footnotes":""},"categories":[6],"tags":[],"class_list":["post-62337","post","type-post","status-publish","format-standard","hentry","category-breaking-news"],"_links":{"self":[{"href":"https:\/\/www.giurgiuveanul.ro\/stiri\/wp-json\/wp\/v2\/posts\/62337","targetHints":{"allow":["GET"]}}],"collection":[{"href":"https:\/\/www.giurgiuveanul.ro\/stiri\/wp-json\/wp\/v2\/posts"}],"about":[{"href":"https:\/\/www.giurgiuveanul.ro\/stiri\/wp-json\/wp\/v2\/types\/post"}],"author":[{"embeddable":true,"href":"https:\/\/www.giurgiuveanul.ro\/stiri\/wp-json\/wp\/v2\/users\/1"}],"replies":[{"embeddable":true,"href":"https:\/\/www.giurgiuveanul.ro\/stiri\/wp-json\/wp\/v2\/comments?post=62337"}],"version-history":[{"count":0,"href":"https:\/\/www.giurgiuveanul.ro\/stiri\/wp-json\/wp\/v2\/posts\/62337\/revisions"}],"wp:attachment":[{"href":"https:\/\/www.giurgiuveanul.ro\/stiri\/wp-json\/wp\/v2\/media?parent=62337"}],"wp:term":[{"taxonomy":"category","embeddable":true,"href":"https:\/\/www.giurgiuveanul.ro\/stiri\/wp-json\/wp\/v2\/categories?post=62337"},{"taxonomy":"post_tag","embeddable":true,"href":"https:\/\/www.giurgiuveanul.ro\/stiri\/wp-json\/wp\/v2\/tags?post=62337"}],"curies":[{"name":"wp","href":"https:\/\/api.w.org\/{rel}","templated":true}]}}