{"id":62359,"date":"2019-08-28T20:51:12","date_gmt":"2019-08-28T17:51:12","guid":{"rendered":"https:\/\/www.giurgiuveanul.ro\/stiri\/?p=62359"},"modified":"2019-08-28T20:56:23","modified_gmt":"2019-08-28T17:56:23","slug":"politia-informatii-despre-accidentul-rutier-de-la-daita-nu-la-plopsoru-foto","status":"publish","type":"post","link":"https:\/\/www.giurgiuveanul.ro\/stiri\/politia-informatii-despre-accidentul-rutier-de-la-daita-nu-la-plopsoru-foto\/","title":{"rendered":"Poli\u0163ia, informa\u0163ii despre accidentul rutier de la D\u0103i\u0163a&#8230; nu Plop\u015foru! (FOTO)"},"content":{"rendered":"<p style=\"text-align: justify;\"><a href=\"https:\/\/www.giurgiuveanul.ro\/stiri\/wp-content\/uploads\/2019\/08\/69496008_1129870290543107_3369971352080482304_n.jpg\"><img loading=\"lazy\" decoding=\"async\" class=\"aligncenter size-large wp-image-62360\" src=\"https:\/\/www.giurgiuveanul.ro\/stiri\/wp-content\/uploads\/2019\/08\/69496008_1129870290543107_3369971352080482304_n-560x272.jpg\" alt=\"69496008_1129870290543107_3369971352080482304_n\" width=\"560\" height=\"272\" srcset=\"https:\/\/www.giurgiuveanul.ro\/stiri\/wp-content\/uploads\/2019\/08\/69496008_1129870290543107_3369971352080482304_n-560x272.jpg 560w, https:\/\/www.giurgiuveanul.ro\/stiri\/wp-content\/uploads\/2019\/08\/69496008_1129870290543107_3369971352080482304_n-250x121.jpg 250w, https:\/\/www.giurgiuveanul.ro\/stiri\/wp-content\/uploads\/2019\/08\/69496008_1129870290543107_3369971352080482304_n-400x194.jpg 400w, https:\/\/www.giurgiuveanul.ro\/stiri\/wp-content\/uploads\/2019\/08\/69496008_1129870290543107_3369971352080482304_n.jpg 1600w\" sizes=\"auto, (max-width: 560px) 100vw, 560px\" \/><\/a>Accidentul s-a produs pe DN 41, \u00een<!--more--> D\u0103i\u0163a, \u015fi nu la Plop\u015foru, cum am primit noi informa\u0163ia. Un autoturism a intrat \u00een coliziune frontal\u0103 cu o alt\u0103 ma\u015fin\u0103, iar \u00een urma impactului o persoan\u0103 a fost transportat\u0103 la Spital, a informat <strong>Emanuela S\u00e2rbu<\/strong>, purt\u0103torul de cuv\u00e2nt al Inspectoratului de Poli\u0163ie Jude\u0163ean (IPJ) Giurgiu.<\/p>\n<p style=\"text-align: justify;\"><em>\u201eUn t\u00e2n\u0103r, de 25 de ani, din Olteni\u0163a, conducea un autoturism pe DN 41, \u015fi, pe fondul altor preocup\u0103ri, a p\u0103truns pe contrasens, intr\u00e2nd \u00een coliziune frontal\u0103 cu un alt autoturism, condus de un cet\u0103\u0163ean bulgar, de 58 de ani, care circula regulamentar, din sens opus. A rezultat v\u0103t\u0103marea corporal\u0103 a unei femei pasager\u0103, de 55 de ani, \u00een autoturismul bulgar. Cei doi conduc\u0103tori auto nu se aflau sub influen\u0163a b\u0103uturilor alcoolice. \u00cen urma accidentului, poli\u021bi\u0219tii giurgiuveni au deschis un dosar penal pentru v\u0103t\u0103mare corporal\u0103 din culp\u0103 \u00een acest caz\u201d,<\/em> a precizat Emanuela S\u00e2rbu.<\/p>\n<p style=\"text-align: justify;\">\n","protected":false},"excerpt":{"rendered":"<p>Accidentul s-a produs pe DN 41, \u00een<\/p>\n","protected":false},"author":1,"featured_media":0,"comment_status":"open","ping_status":"open","sticky":false,"template":"","format":"standard","meta":{"footnotes":""},"categories":[6],"tags":[],"class_list":["post-62359","post","type-post","status-publish","format-standard","hentry","category-breaking-news"],"_links":{"self":[{"href":"https:\/\/www.giurgiuveanul.ro\/stiri\/wp-json\/wp\/v2\/posts\/62359","targetHints":{"allow":["GET"]}}],"collection":[{"href":"https:\/\/www.giurgiuveanul.ro\/stiri\/wp-json\/wp\/v2\/posts"}],"about":[{"href":"https:\/\/www.giurgiuveanul.ro\/stiri\/wp-json\/wp\/v2\/types\/post"}],"author":[{"embeddable":true,"href":"https:\/\/www.giurgiuveanul.ro\/stiri\/wp-json\/wp\/v2\/users\/1"}],"replies":[{"embeddable":true,"href":"https:\/\/www.giurgiuveanul.ro\/stiri\/wp-json\/wp\/v2\/comments?post=62359"}],"version-history":[{"count":0,"href":"https:\/\/www.giurgiuveanul.ro\/stiri\/wp-json\/wp\/v2\/posts\/62359\/revisions"}],"wp:attachment":[{"href":"https:\/\/www.giurgiuveanul.ro\/stiri\/wp-json\/wp\/v2\/media?parent=62359"}],"wp:term":[{"taxonomy":"category","embeddable":true,"href":"https:\/\/www.giurgiuveanul.ro\/stiri\/wp-json\/wp\/v2\/categories?post=62359"},{"taxonomy":"post_tag","embeddable":true,"href":"https:\/\/www.giurgiuveanul.ro\/stiri\/wp-json\/wp\/v2\/tags?post=62359"}],"curies":[{"name":"wp","href":"https:\/\/api.w.org\/{rel}","templated":true}]}}