{"id":62363,"date":"2019-08-29T16:55:38","date_gmt":"2019-08-29T13:55:38","guid":{"rendered":"https:\/\/www.giurgiuveanul.ro\/stiri\/?p=62363"},"modified":"2019-08-29T16:55:38","modified_gmt":"2019-08-29T13:55:38","slug":"cercetat-control-judiciar-pentru-evaziune-fiscala-prejudiciul-este-de-6-847-716-lei","status":"publish","type":"post","link":"https:\/\/www.giurgiuveanul.ro\/stiri\/cercetat-control-judiciar-pentru-evaziune-fiscala-prejudiciul-este-de-6-847-716-lei\/","title":{"rendered":"Cercetat sub control judiciar pentru evaziune fiscal\u0103! Prejudiciul este de 6.847.716 lei!"},"content":{"rendered":"<p style=\"text-align: justify;\"><a href=\"https:\/\/www.giurgiuveanul.ro\/stiri\/wp-content\/uploads\/2019\/08\/Evaziune-fiscala-de-un-milion-de-lei-la-Medias.jpg\"><img loading=\"lazy\" decoding=\"async\" class=\"aligncenter size-large wp-image-62364\" src=\"https:\/\/www.giurgiuveanul.ro\/stiri\/wp-content\/uploads\/2019\/08\/Evaziune-fiscala-de-un-milion-de-lei-la-Medias-560x315.jpg\" alt=\"Evaziune-fiscala-de-un-milion-de-lei-la-Medias\" width=\"560\" height=\"315\" srcset=\"https:\/\/www.giurgiuveanul.ro\/stiri\/wp-content\/uploads\/2019\/08\/Evaziune-fiscala-de-un-milion-de-lei-la-Medias-560x315.jpg 560w, https:\/\/www.giurgiuveanul.ro\/stiri\/wp-content\/uploads\/2019\/08\/Evaziune-fiscala-de-un-milion-de-lei-la-Medias-250x141.jpg 250w, https:\/\/www.giurgiuveanul.ro\/stiri\/wp-content\/uploads\/2019\/08\/Evaziune-fiscala-de-un-milion-de-lei-la-Medias-400x225.jpg 400w, https:\/\/www.giurgiuveanul.ro\/stiri\/wp-content\/uploads\/2019\/08\/Evaziune-fiscala-de-un-milion-de-lei-la-Medias.jpg 1191w\" sizes=\"auto, (max-width: 560px) 100vw, 560px\" \/><\/a>Fa\u021b\u0103 de<!--more--> un b\u0103rbat, de 52 de ani, din jude\u021bul Ilfov, a fost dispus\u0103 m\u0103sura controlului judiciar pe o durat\u0103 de 60 de zile, dup\u0103 ce acesta nu a \u00eenregistrat \u00een eviden\u021ba contabil\u0103 veniturile ob\u021binute ca urmare a opera\u021biunilor comerciale derulate, \u00eenregistr\u00e2nd \u0219i cheltuieli care nu au la baz\u0103 opera\u021biuni reale.<\/p>\n<p style=\"text-align: justify;\">Miercuri, 28 august a.c., poli\u021bi\u0219tii Serviciului de Investigare a Criminalit\u0103\u021bii Economice au documentat \u0219i probat activitatea infrac\u021bional\u0103 a unui b\u0103rbat de 52 de ani, din\u00a0 comuna Vidra, jude\u021bul Ilfov, care \u00een perioada 16.05.2014 \u2013 31.07.2015, \u00een calitate de administrator al unei societ\u0103\u021bi comerciale, nu a \u00eenregistrat \u00een eviden\u021ba contabil\u0103 veniturile ob\u021binute ca urmare a opera\u021biunilor comerciale derulate, \u00eenregistr\u00e2nd \u0219i cheltuieli care nu au la baz\u0103 opera\u021biuni reale.<\/p>\n<p style=\"text-align: justify;\">Prejudiciul cauzat\u00a0 bugetului general consolidat este \u00een valoare de <strong>6.847.716 lei<\/strong>.<\/p>\n<p style=\"text-align: justify;\">Astfel, Parchetul de pe l\u00e2ng\u0103 Tribunalul Giurgiu a dispus m\u0103sura controlului judiciar fa\u021b\u0103 de b\u0103rbatul \u00een cauz\u0103, pe o durat\u0103 de 60 de zile.<\/p>\n","protected":false},"excerpt":{"rendered":"<p>Fa\u021b\u0103 de<\/p>\n","protected":false},"author":1,"featured_media":0,"comment_status":"open","ping_status":"open","sticky":false,"template":"","format":"standard","meta":{"footnotes":""},"categories":[6],"tags":[],"class_list":["post-62363","post","type-post","status-publish","format-standard","hentry","category-breaking-news"],"_links":{"self":[{"href":"https:\/\/www.giurgiuveanul.ro\/stiri\/wp-json\/wp\/v2\/posts\/62363","targetHints":{"allow":["GET"]}}],"collection":[{"href":"https:\/\/www.giurgiuveanul.ro\/stiri\/wp-json\/wp\/v2\/posts"}],"about":[{"href":"https:\/\/www.giurgiuveanul.ro\/stiri\/wp-json\/wp\/v2\/types\/post"}],"author":[{"embeddable":true,"href":"https:\/\/www.giurgiuveanul.ro\/stiri\/wp-json\/wp\/v2\/users\/1"}],"replies":[{"embeddable":true,"href":"https:\/\/www.giurgiuveanul.ro\/stiri\/wp-json\/wp\/v2\/comments?post=62363"}],"version-history":[{"count":0,"href":"https:\/\/www.giurgiuveanul.ro\/stiri\/wp-json\/wp\/v2\/posts\/62363\/revisions"}],"wp:attachment":[{"href":"https:\/\/www.giurgiuveanul.ro\/stiri\/wp-json\/wp\/v2\/media?parent=62363"}],"wp:term":[{"taxonomy":"category","embeddable":true,"href":"https:\/\/www.giurgiuveanul.ro\/stiri\/wp-json\/wp\/v2\/categories?post=62363"},{"taxonomy":"post_tag","embeddable":true,"href":"https:\/\/www.giurgiuveanul.ro\/stiri\/wp-json\/wp\/v2\/tags?post=62363"}],"curies":[{"name":"wp","href":"https:\/\/api.w.org\/{rel}","templated":true}]}}