{"id":62368,"date":"2019-08-29T18:10:28","date_gmt":"2019-08-29T15:10:28","guid":{"rendered":"https:\/\/www.giurgiuveanul.ro\/stiri\/?p=62368"},"modified":"2019-08-29T18:10:28","modified_gmt":"2019-08-29T15:10:28","slug":"vineri-30-august-2019-patru-localitati-giurgiuvene-vor-avea-curentul-electric-intrerupt-care-sunt-acestea-vezi-aici","status":"publish","type":"post","link":"https:\/\/www.giurgiuveanul.ro\/stiri\/vineri-30-august-2019-patru-localitati-giurgiuvene-vor-avea-curentul-electric-intrerupt-care-sunt-acestea-vezi-aici\/","title":{"rendered":"Vineri, 30 august 2019, patru localit\u0103\u0163i giurgiuvene vor avea curentul electric \u00eentrerupt! Care sunt acestea VEZI AICI"},"content":{"rendered":"<p style=\"text-align: justify;\"><a href=\"https:\/\/www.giurgiuveanul.ro\/stiri\/wp-content\/uploads\/2019\/08\/Intreruperi-curent1.jpg\"><img loading=\"lazy\" decoding=\"async\" class=\"aligncenter size-large wp-image-62369\" src=\"https:\/\/www.giurgiuveanul.ro\/stiri\/wp-content\/uploads\/2019\/08\/Intreruperi-curent1-560x396.jpg\" alt=\"Intreruperi-curent\" width=\"560\" height=\"396\" srcset=\"https:\/\/www.giurgiuveanul.ro\/stiri\/wp-content\/uploads\/2019\/08\/Intreruperi-curent1-560x396.jpg 560w, https:\/\/www.giurgiuveanul.ro\/stiri\/wp-content\/uploads\/2019\/08\/Intreruperi-curent1-250x177.jpg 250w, https:\/\/www.giurgiuveanul.ro\/stiri\/wp-content\/uploads\/2019\/08\/Intreruperi-curent1-400x283.jpg 400w, https:\/\/www.giurgiuveanul.ro\/stiri\/wp-content\/uploads\/2019\/08\/Intreruperi-curent1.jpg 750w\" sizes=\"auto, (max-width: 560px) 100vw, 560px\" \/><\/a>Potrivit<!--more--> unui comunicat de pres\u0103 transmis pe adresa redac\u0163iei noastre, pentru lucr\u0103rile anuale de repara\u0163ii \u015fi \u00eentre\u0163inere instala\u0163ii \u015fi re\u0163ele electrice, precum \u015fi posturi de transformare, E-Distribu\u0163ie Muntenia anun\u0163\u0103 \u00eentreruperea furniz\u0103rii energiei electrice \u00een timpul lucr\u0103rilor vineri, 30 august 2019, dup\u0103 programul indicat mai jos.<\/p>\n<p style=\"text-align: justify;\"><strong>\u00centre orele 09:00 \u2013 17:00 \u00een urm\u0103toarele zone:<\/strong><\/p>\n<ul>\n<li style=\"text-align: justify;\">C\u0103rpeni, din comuna Gaiseni, strada Principala si strazi adiacente la iesire spre Potlogi<\/li>\n<li style=\"text-align: justify;\">R\u0103suceni, strada Principala si strazi adiacente<\/li>\n<li style=\"text-align: justify;\">Localitatile G\u0103ujani, Pietri\u015fu<\/li>\n<\/ul>\n","protected":false},"excerpt":{"rendered":"<p>Potrivit<\/p>\n","protected":false},"author":1,"featured_media":0,"comment_status":"open","ping_status":"open","sticky":false,"template":"","format":"standard","meta":{"footnotes":""},"categories":[6],"tags":[],"class_list":["post-62368","post","type-post","status-publish","format-standard","hentry","category-breaking-news"],"_links":{"self":[{"href":"https:\/\/www.giurgiuveanul.ro\/stiri\/wp-json\/wp\/v2\/posts\/62368","targetHints":{"allow":["GET"]}}],"collection":[{"href":"https:\/\/www.giurgiuveanul.ro\/stiri\/wp-json\/wp\/v2\/posts"}],"about":[{"href":"https:\/\/www.giurgiuveanul.ro\/stiri\/wp-json\/wp\/v2\/types\/post"}],"author":[{"embeddable":true,"href":"https:\/\/www.giurgiuveanul.ro\/stiri\/wp-json\/wp\/v2\/users\/1"}],"replies":[{"embeddable":true,"href":"https:\/\/www.giurgiuveanul.ro\/stiri\/wp-json\/wp\/v2\/comments?post=62368"}],"version-history":[{"count":0,"href":"https:\/\/www.giurgiuveanul.ro\/stiri\/wp-json\/wp\/v2\/posts\/62368\/revisions"}],"wp:attachment":[{"href":"https:\/\/www.giurgiuveanul.ro\/stiri\/wp-json\/wp\/v2\/media?parent=62368"}],"wp:term":[{"taxonomy":"category","embeddable":true,"href":"https:\/\/www.giurgiuveanul.ro\/stiri\/wp-json\/wp\/v2\/categories?post=62368"},{"taxonomy":"post_tag","embeddable":true,"href":"https:\/\/www.giurgiuveanul.ro\/stiri\/wp-json\/wp\/v2\/tags?post=62368"}],"curies":[{"name":"wp","href":"https:\/\/api.w.org\/{rel}","templated":true}]}}