{"id":62371,"date":"2019-08-29T19:01:02","date_gmt":"2019-08-29T16:01:02","guid":{"rendered":"https:\/\/www.giurgiuveanul.ro\/stiri\/?p=62371"},"modified":"2019-08-29T19:16:25","modified_gmt":"2019-08-29T16:16:25","slug":"gheorghe-breazu-primarul-care-si-a-pus-amprenta-asupra-comunei-putineiu-foto","status":"publish","type":"post","link":"https:\/\/www.giurgiuveanul.ro\/stiri\/gheorghe-breazu-primarul-care-si-a-pus-amprenta-asupra-comunei-putineiu-foto\/","title":{"rendered":"Gheorghe Breazu, primarul care \u015fi-a pus amprenta asupra comunei Putineiu! (FOTO)"},"content":{"rendered":"<p style=\"text-align: justify;\"><a href=\"https:\/\/www.giurgiuveanul.ro\/stiri\/wp-content\/uploads\/2019\/08\/IMG_8528-2.jpg\"><img loading=\"lazy\" decoding=\"async\" class=\"aligncenter size-large wp-image-62372\" src=\"https:\/\/www.giurgiuveanul.ro\/stiri\/wp-content\/uploads\/2019\/08\/IMG_8528-2-529x450.jpg\" alt=\"IMG_8528-2\" width=\"529\" height=\"450\" srcset=\"https:\/\/www.giurgiuveanul.ro\/stiri\/wp-content\/uploads\/2019\/08\/IMG_8528-2-529x450.jpg 529w, https:\/\/www.giurgiuveanul.ro\/stiri\/wp-content\/uploads\/2019\/08\/IMG_8528-2-250x213.jpg 250w, https:\/\/www.giurgiuveanul.ro\/stiri\/wp-content\/uploads\/2019\/08\/IMG_8528-2-400x340.jpg 400w, https:\/\/www.giurgiuveanul.ro\/stiri\/wp-content\/uploads\/2019\/08\/IMG_8528-2.jpg 800w\" sizes=\"auto, (max-width: 529px) 100vw, 529px\" \/><\/a><strong>Comuna Putineiu<\/strong><!--more--> este una dintre unit\u0103\u0163ile administrativ-teritoriale din jude\u0163ul Giurgiu \u00een care amprenta primarului <strong>Gheorghe Breazu<\/strong> &#8211; <em>cu doar dou\u0103 mandate la activ!<\/em> &#8211; se vede \u00eenc\u0103 de la intrarea \u00een localit\u0103\u0163ile componente ale acesteia. Putineiu a devenit o comun\u0103 care a ren\u0103scut din cenu\u015f\u0103, cu str\u0103zi asfaltate, cu institu\u0163ii dotate cu toate utilit\u0103\u0163ile \u015fi cu gospod\u0103rii frumoase.<\/p>\n<p style=\"text-align: justify;\">Ast\u0103zi, 29 august 2019, presa local\u0103 a fost invitat\u0103 de edilul \u015fef s\u0103 asiste la \u015fedin\u0163a Consiliului Local, pentru a demonstra c\u0103 la Putineiu, administra\u0163ia public\u0103 local\u0103 lucreaz\u0103 cu transparen\u0163\u0103 total\u0103.<\/p>\n<p style=\"text-align: justify;\"><a href=\"https:\/\/www.giurgiuveanul.ro\/stiri\/wp-content\/uploads\/2019\/08\/IMG_8492.jpg\"><img loading=\"lazy\" decoding=\"async\" class=\"aligncenter size-large wp-image-62373\" src=\"https:\/\/www.giurgiuveanul.ro\/stiri\/wp-content\/uploads\/2019\/08\/IMG_8492-560x277.jpg\" alt=\"IMG_8492\" width=\"560\" height=\"277\" srcset=\"https:\/\/www.giurgiuveanul.ro\/stiri\/wp-content\/uploads\/2019\/08\/IMG_8492-560x277.jpg 560w, https:\/\/www.giurgiuveanul.ro\/stiri\/wp-content\/uploads\/2019\/08\/IMG_8492-250x123.jpg 250w, https:\/\/www.giurgiuveanul.ro\/stiri\/wp-content\/uploads\/2019\/08\/IMG_8492-400x198.jpg 400w, https:\/\/www.giurgiuveanul.ro\/stiri\/wp-content\/uploads\/2019\/08\/IMG_8492.jpg 800w\" sizes=\"auto, (max-width: 560px) 100vw, 560px\" \/><\/a><\/p>\n<p style=\"text-align: justify;\"><a href=\"https:\/\/www.giurgiuveanul.ro\/stiri\/wp-content\/uploads\/2019\/08\/IMG_8508.jpg\"><img loading=\"lazy\" decoding=\"async\" class=\"aligncenter size-large wp-image-62374\" src=\"https:\/\/www.giurgiuveanul.ro\/stiri\/wp-content\/uploads\/2019\/08\/IMG_8508-460x450.jpg\" alt=\"IMG_8508\" width=\"460\" height=\"450\" srcset=\"https:\/\/www.giurgiuveanul.ro\/stiri\/wp-content\/uploads\/2019\/08\/IMG_8508-460x450.jpg 460w, https:\/\/www.giurgiuveanul.ro\/stiri\/wp-content\/uploads\/2019\/08\/IMG_8508-250x244.jpg 250w, https:\/\/www.giurgiuveanul.ro\/stiri\/wp-content\/uploads\/2019\/08\/IMG_8508-400x391.jpg 400w, https:\/\/www.giurgiuveanul.ro\/stiri\/wp-content\/uploads\/2019\/08\/IMG_8508.jpg 800w\" sizes=\"auto, (max-width: 460px) 100vw, 460px\" \/><\/a><\/p>\n<p style=\"text-align: justify;\">Autorit\u0103\u0163ile locale au reu\u015fit, chiar \u015fi \u00een vreme de criz\u0103, s\u0103 finalizeze investi\u0163ii importante pentru comunitate.<\/p>\n<p style=\"text-align: justify;\">Astfel, investi\u0163iile realizate \u00een cele trei localit\u0103\u0163i componente ale comunei Putineiu &#8211; <em>Putineiu, Hodivoaia \u015fi Vieru<\/em> &#8211; au vizat toate sectoarele vie\u0163ii sociale. Comuna beneficiaz\u0103 de drumuri asfaltate, urmeaz\u0103 un dispensar nou, unit\u0103\u0163i \u015fcolare modernizate, c\u0103min cultural&#8230; toate dotate cu toate utilit\u0103\u0163ile necesare.<\/p>\n<p style=\"text-align: justify;\">Preocup\u0103rile primarului Gheorghe Breazu sunt \u00eendreptate, \u00een continuare, \u00een vederea identific\u0103rii\u00a0unor solu\u0163ii de dezvoltare a localit\u0103\u0163ii.<\/p>\n<p style=\"text-align: justify;\">Proiectele au ca scop: <strong>\u201cModernizarea, reabilitarea \u015fi dotarea Dispensarului Uman Putineiu, \u00een comuna Putineiu<\/strong>, jude\u0163ul Giurgiu &#8211; proiect finantat prin PNDL, Subprogramul \u201cModernizarea satului rom\u00e2nesc\u201d &#8211; realizat \u00een propor\u0163ie de 70%;<\/p>\n<p style=\"text-align: justify;\"><a href=\"https:\/\/www.giurgiuveanul.ro\/stiri\/wp-content\/uploads\/2019\/08\/IMG_8520.jpg\"><img loading=\"lazy\" decoding=\"async\" class=\"aligncenter size-large wp-image-62375\" src=\"https:\/\/www.giurgiuveanul.ro\/stiri\/wp-content\/uploads\/2019\/08\/IMG_8520-560x331.jpg\" alt=\"IMG_8520\" width=\"560\" height=\"331\" srcset=\"https:\/\/www.giurgiuveanul.ro\/stiri\/wp-content\/uploads\/2019\/08\/IMG_8520-560x331.jpg 560w, https:\/\/www.giurgiuveanul.ro\/stiri\/wp-content\/uploads\/2019\/08\/IMG_8520-250x148.jpg 250w, https:\/\/www.giurgiuveanul.ro\/stiri\/wp-content\/uploads\/2019\/08\/IMG_8520-400x237.jpg 400w, https:\/\/www.giurgiuveanul.ro\/stiri\/wp-content\/uploads\/2019\/08\/IMG_8520.jpg 800w\" sizes=\"auto, (max-width: 560px) 100vw, 560px\" \/><\/a><\/p>\n<p style=\"text-align: justify;\"><strong>\u201c\u00cembun\u0103t\u0103\u0163irea infrastructurii rutiere prin asfaltare \u00een comuna Putineiu<\/strong>, jude\u0163ul Giurgiu\u201d\u00a0 &#8211; <strong>modernizare str\u0103zi \u00een sat Putineiu \u2013 2.905,8 ml; sat Hodivoaia \u2013 2.148,06 ml \u015fi sat Vieru \u2013 5.729,15 ml<\/strong>; proiect finan\u0163at prin PNDL, Subprogramul \u201c Modernizarea satului rom\u00e2nesc\u201d &#8211; s-a \u00eenaintat ordinul de \u00eencepere a lucr\u0103rilor; <strong>amenaj\u0103ri alei pietonale \u00een comuna Putineiu, respectiv satul Hodivoaia \u2013 1.600 ml, satul Putineiu -1.820ml \u015fi satul Vieru 1.450 ml<\/strong> &#8211; s-a \u00eenaintat ordinul de \u00eencepere a lucr\u0103rilor.<\/p>\n<p style=\"text-align: justify;\"><a href=\"https:\/\/www.giurgiuveanul.ro\/stiri\/wp-content\/uploads\/2019\/08\/IMG_8550.jpg\"><img loading=\"lazy\" decoding=\"async\" class=\"aligncenter size-large wp-image-62376\" src=\"https:\/\/www.giurgiuveanul.ro\/stiri\/wp-content\/uploads\/2019\/08\/IMG_8550-560x348.jpg\" alt=\"IMG_8550\" width=\"560\" height=\"348\" srcset=\"https:\/\/www.giurgiuveanul.ro\/stiri\/wp-content\/uploads\/2019\/08\/IMG_8550-560x348.jpg 560w, https:\/\/www.giurgiuveanul.ro\/stiri\/wp-content\/uploads\/2019\/08\/IMG_8550-250x155.jpg 250w, https:\/\/www.giurgiuveanul.ro\/stiri\/wp-content\/uploads\/2019\/08\/IMG_8550-400x249.jpg 400w, https:\/\/www.giurgiuveanul.ro\/stiri\/wp-content\/uploads\/2019\/08\/IMG_8550.jpg 800w\" sizes=\"auto, (max-width: 560px) 100vw, 560px\" \/><\/a><\/p>\n<p style=\"text-align: justify;\">De asemenea sunt \u00een derulare proiecte precum: <strong>\u201cReabilitarea drumurilor de interes local prin asfaltare, \u00een satele Putineiu, Hodivoaia \u015fi Vieru, comuna Putineiu,<\/strong> judetul Giurgiu\u201d astfel: <em>sat Putineiu \u2013 5.295,5 ml; sat Hodivoaia \u2013 2.545 ml; sat Vieru \u2013 1.761 ml<\/em> \u015fi <strong>\u201eachizi\u021bie buldoexcavator cu accesorii de c\u0103tre comuna Putineiu<\/strong>, jude\u021bul Giurgiu\u201d &#8211; finan\u0163area proiectului se face prin AFIR, M\u0103sura 6\/6B \u201cSprijin pentru dezvoltare local\u0103 \u00een interes colectiv a comunit\u0103\u0163ilor din teritoriul GAL\u201d- contractul de finan\u0163are fiind semnat.<\/p>\n<p style=\"text-align: justify;\"><a href=\"https:\/\/www.giurgiuveanul.ro\/stiri\/wp-content\/uploads\/2019\/08\/IMG_8533.jpg\"><img loading=\"lazy\" decoding=\"async\" class=\"aligncenter size-large wp-image-62377\" src=\"https:\/\/www.giurgiuveanul.ro\/stiri\/wp-content\/uploads\/2019\/08\/IMG_8533-560x359.jpg\" alt=\"IMG_8533\" width=\"560\" height=\"359\" srcset=\"https:\/\/www.giurgiuveanul.ro\/stiri\/wp-content\/uploads\/2019\/08\/IMG_8533-560x359.jpg 560w, https:\/\/www.giurgiuveanul.ro\/stiri\/wp-content\/uploads\/2019\/08\/IMG_8533-250x160.jpg 250w, https:\/\/www.giurgiuveanul.ro\/stiri\/wp-content\/uploads\/2019\/08\/IMG_8533-400x257.jpg 400w, https:\/\/www.giurgiuveanul.ro\/stiri\/wp-content\/uploads\/2019\/08\/IMG_8533.jpg 800w\" sizes=\"auto, (max-width: 560px) 100vw, 560px\" \/><\/a><\/p>\n<p style=\"text-align: justify;\">Potrivit informa\u0163iilor oferite de edilul \u015fef al comunei Putineiu, printre <strong>proiectele depuse<\/strong> se num\u0103r\u0103: <strong>reabilitare, modernizare, extindere, dotare \u015fi echipare \u015ecoala Gimnazial\u0103, din satul Putineiu<\/strong>, la acest proiect urm\u00e2nd a se realiza \u015fi <strong>o sal\u0103 de sport modern<\/strong>;\u00a0 <strong>construire, dotare \u015fi echipare Gr\u0103dini\u0163\u0103 \u00een satul Hodivoaia<\/strong>, comuna Putineiu \u015fi <strong>reabilitare, modernizare, extindere, dotare \u015fi echipare \u201cCasa de Cultur\u0103\u201d<\/strong>, din satul Putineiu.<\/p>\n<p style=\"text-align: justify;\"><a href=\"https:\/\/www.giurgiuveanul.ro\/stiri\/wp-content\/uploads\/2019\/08\/IMG_8548.jpg\"><img loading=\"lazy\" decoding=\"async\" class=\"aligncenter size-large wp-image-62378\" src=\"https:\/\/www.giurgiuveanul.ro\/stiri\/wp-content\/uploads\/2019\/08\/IMG_8548-560x380.jpg\" alt=\"IMG_8548\" width=\"560\" height=\"380\" srcset=\"https:\/\/www.giurgiuveanul.ro\/stiri\/wp-content\/uploads\/2019\/08\/IMG_8548-560x380.jpg 560w, https:\/\/www.giurgiuveanul.ro\/stiri\/wp-content\/uploads\/2019\/08\/IMG_8548-250x170.jpg 250w, https:\/\/www.giurgiuveanul.ro\/stiri\/wp-content\/uploads\/2019\/08\/IMG_8548-400x272.jpg 400w, https:\/\/www.giurgiuveanul.ro\/stiri\/wp-content\/uploads\/2019\/08\/IMG_8548.jpg 800w\" sizes=\"auto, (max-width: 560px) 100vw, 560px\" \/><\/a><\/p>\n<p style=\"text-align: justify;\"><a href=\"https:\/\/www.giurgiuveanul.ro\/stiri\/wp-content\/uploads\/2019\/08\/IMG_8577.jpg\"><img loading=\"lazy\" decoding=\"async\" class=\"aligncenter size-large wp-image-62379\" src=\"https:\/\/www.giurgiuveanul.ro\/stiri\/wp-content\/uploads\/2019\/08\/IMG_8577-560x354.jpg\" alt=\"IMG_8577\" width=\"560\" height=\"354\" srcset=\"https:\/\/www.giurgiuveanul.ro\/stiri\/wp-content\/uploads\/2019\/08\/IMG_8577-560x354.jpg 560w, https:\/\/www.giurgiuveanul.ro\/stiri\/wp-content\/uploads\/2019\/08\/IMG_8577-250x158.jpg 250w, https:\/\/www.giurgiuveanul.ro\/stiri\/wp-content\/uploads\/2019\/08\/IMG_8577-400x253.jpg 400w, https:\/\/www.giurgiuveanul.ro\/stiri\/wp-content\/uploads\/2019\/08\/IMG_8577.jpg 800w\" sizes=\"auto, (max-width: 560px) 100vw, 560px\" \/><\/a><\/p>\n<p style=\"text-align: justify;\"><a href=\"https:\/\/www.giurgiuveanul.ro\/stiri\/wp-content\/uploads\/2019\/08\/IMG_8583.jpg\"><img loading=\"lazy\" decoding=\"async\" class=\"aligncenter size-large wp-image-62380\" src=\"https:\/\/www.giurgiuveanul.ro\/stiri\/wp-content\/uploads\/2019\/08\/IMG_8583-560x403.jpg\" alt=\"IMG_8583\" width=\"560\" height=\"403\" srcset=\"https:\/\/www.giurgiuveanul.ro\/stiri\/wp-content\/uploads\/2019\/08\/IMG_8583-560x403.jpg 560w, https:\/\/www.giurgiuveanul.ro\/stiri\/wp-content\/uploads\/2019\/08\/IMG_8583-250x180.jpg 250w, https:\/\/www.giurgiuveanul.ro\/stiri\/wp-content\/uploads\/2019\/08\/IMG_8583-400x288.jpg 400w, https:\/\/www.giurgiuveanul.ro\/stiri\/wp-content\/uploads\/2019\/08\/IMG_8583.jpg 800w\" sizes=\"auto, (max-width: 560px) 100vw, 560px\" \/><\/a><\/p>\n","protected":false},"excerpt":{"rendered":"<p>Comuna Putineiu<\/p>\n","protected":false},"author":1,"featured_media":0,"comment_status":"open","ping_status":"open","sticky":false,"template":"","format":"standard","meta":{"footnotes":""},"categories":[6],"tags":[],"class_list":["post-62371","post","type-post","status-publish","format-standard","hentry","category-breaking-news"],"_links":{"self":[{"href":"https:\/\/www.giurgiuveanul.ro\/stiri\/wp-json\/wp\/v2\/posts\/62371","targetHints":{"allow":["GET"]}}],"collection":[{"href":"https:\/\/www.giurgiuveanul.ro\/stiri\/wp-json\/wp\/v2\/posts"}],"about":[{"href":"https:\/\/www.giurgiuveanul.ro\/stiri\/wp-json\/wp\/v2\/types\/post"}],"author":[{"embeddable":true,"href":"https:\/\/www.giurgiuveanul.ro\/stiri\/wp-json\/wp\/v2\/users\/1"}],"replies":[{"embeddable":true,"href":"https:\/\/www.giurgiuveanul.ro\/stiri\/wp-json\/wp\/v2\/comments?post=62371"}],"version-history":[{"count":0,"href":"https:\/\/www.giurgiuveanul.ro\/stiri\/wp-json\/wp\/v2\/posts\/62371\/revisions"}],"wp:attachment":[{"href":"https:\/\/www.giurgiuveanul.ro\/stiri\/wp-json\/wp\/v2\/media?parent=62371"}],"wp:term":[{"taxonomy":"category","embeddable":true,"href":"https:\/\/www.giurgiuveanul.ro\/stiri\/wp-json\/wp\/v2\/categories?post=62371"},{"taxonomy":"post_tag","embeddable":true,"href":"https:\/\/www.giurgiuveanul.ro\/stiri\/wp-json\/wp\/v2\/tags?post=62371"}],"curies":[{"name":"wp","href":"https:\/\/api.w.org\/{rel}","templated":true}]}}