{"id":62385,"date":"2019-08-29T19:22:41","date_gmt":"2019-08-29T16:22:41","guid":{"rendered":"https:\/\/www.giurgiuveanul.ro\/stiri\/?p=62385"},"modified":"2019-08-30T11:02:22","modified_gmt":"2019-08-30T08:02:22","slug":"cine-vorbeste-de-lasitate","status":"publish","type":"post","link":"https:\/\/www.giurgiuveanul.ro\/stiri\/cine-vorbeste-de-lasitate\/","title":{"rendered":"Deputatul Toma Petcu, comunicat de pres\u0103"},"content":{"rendered":"<p style=\"text-align: justify;\"><a href=\"https:\/\/www.giurgiuveanul.ro\/stiri\/wp-content\/uploads\/2019\/08\/toma-petcu-1.jpg\"><img loading=\"lazy\" decoding=\"async\" class=\"aligncenter size-large wp-image-62386\" src=\"https:\/\/www.giurgiuveanul.ro\/stiri\/wp-content\/uploads\/2019\/08\/toma-petcu-1-560x373.jpg\" alt=\"toma-petcu-1\" width=\"560\" height=\"373\" srcset=\"https:\/\/www.giurgiuveanul.ro\/stiri\/wp-content\/uploads\/2019\/08\/toma-petcu-1-560x373.jpg 560w, https:\/\/www.giurgiuveanul.ro\/stiri\/wp-content\/uploads\/2019\/08\/toma-petcu-1-250x167.jpg 250w, https:\/\/www.giurgiuveanul.ro\/stiri\/wp-content\/uploads\/2019\/08\/toma-petcu-1-400x267.jpg 400w, https:\/\/www.giurgiuveanul.ro\/stiri\/wp-content\/uploads\/2019\/08\/toma-petcu-1.jpg 800w\" sizes=\"auto, (max-width: 560px) 100vw, 560px\" \/><\/a>Marii oameni politici din<!--more--> PSD, t\u0103cu\u021bi p\u00e2n\u0103 de cur\u00e2nd \u0219i alinia\u021bi \u00een spatele unui lider, au ie\u0219it \u00een ultimele ore s\u0103 acuze ALDE de la\u0219itate. Ei bine stimabililor, dvs \u0219ti\u021bi mai bine ce \u00eenseamn\u0103 la\u0219itatea.<\/p>\n<p style=\"text-align: justify;\">Cine vorbe\u0219te de la\u0219itate? Domnul Fifor, cel care a fost remaniat din func\u021bia de ministru al Ap\u0103r\u0103rii de Liviu Dragnea \u00een 2018, atunci c\u00e2nd a fost episodul cu scrisoarea semnat\u0103 \u0219i apoi neasumat\u0103. Atunci, dle Fifor, a\u021bi fost \u00eentruchiparea perfect\u0103 a tipului de la\u0219 \u00een politic\u0103. A\u0219a c\u0103, mai u\u0219or cu acuza\u021bii de la\u0219itate la adresa ALDE.<\/p>\n<p style=\"text-align: justify;\">Cine mai vorbe\u0219te de la\u0219itate? Domnul Teodorovici? C\u00e2t timp a fost \u00een afara Guvernului nu a \u0219tiut dec\u00e2t s\u0103 critice de pe margine. Marele zmeu Teodorovici, atunci c\u00e2nd a intrat \u00een Guvern, brusc, toate declara\u021biile sale belicoase au fost date uit\u0103rii. Amnezie!<\/p>\n<p style=\"text-align: justify;\">Iar acestea sunt doar dou\u0103 exemple. Nu mai vorbim de doamna D\u0103ncil\u0103, cea care a fugit de votul Parlamentului atunci c\u00e2nd ALDE i-a cerut s\u0103 fac\u0103 restructurarea guvernamental\u0103. Ei bine, acum va trebui s\u0103 mearg\u0103 singur\u0103 \u00een Parlament.<\/p>\n<p style=\"text-align: justify;\">A\u0219adar, s\u0103 \u00eei aud pe Mihai Fifor, Eugen Teodorovici sau doamna D\u0103ncil\u0103 vorbind despre la\u0219itate, e ca \u0219i cum ai vorbi de funie \u00een casa sp\u00e2nzuratului. \u0218i v\u0103 mai spun ceva, membrii \u0219i simpatizan\u021bii PSD nu uit\u0103 dovezile dumneavoastr\u0103 de la\u0219itate. A\u0219a c\u0103, mai bine a\u021bi fi preocupa\u021bi de propriile voastre probleme, de cum guverna\u021bi \u00eenc\u0103 vreo c\u00e2teva zile, \u00een loc s\u0103 c\u0103uta\u021bi s\u0103 da\u021bi vina pe ALDE pentru e\u0219ecul dvs.<\/p>\n<p>&nbsp;<\/p>\n<p><em>Deputat Toma Petcu<\/em><\/p>\n","protected":false},"excerpt":{"rendered":"<p>Marii oameni politici din<\/p>\n","protected":false},"author":1,"featured_media":0,"comment_status":"open","ping_status":"open","sticky":false,"template":"","format":"standard","meta":{"footnotes":""},"categories":[21],"tags":[],"class_list":["post-62385","post","type-post","status-publish","format-standard","hentry","category-opinia-mea"],"_links":{"self":[{"href":"https:\/\/www.giurgiuveanul.ro\/stiri\/wp-json\/wp\/v2\/posts\/62385","targetHints":{"allow":["GET"]}}],"collection":[{"href":"https:\/\/www.giurgiuveanul.ro\/stiri\/wp-json\/wp\/v2\/posts"}],"about":[{"href":"https:\/\/www.giurgiuveanul.ro\/stiri\/wp-json\/wp\/v2\/types\/post"}],"author":[{"embeddable":true,"href":"https:\/\/www.giurgiuveanul.ro\/stiri\/wp-json\/wp\/v2\/users\/1"}],"replies":[{"embeddable":true,"href":"https:\/\/www.giurgiuveanul.ro\/stiri\/wp-json\/wp\/v2\/comments?post=62385"}],"version-history":[{"count":0,"href":"https:\/\/www.giurgiuveanul.ro\/stiri\/wp-json\/wp\/v2\/posts\/62385\/revisions"}],"wp:attachment":[{"href":"https:\/\/www.giurgiuveanul.ro\/stiri\/wp-json\/wp\/v2\/media?parent=62385"}],"wp:term":[{"taxonomy":"category","embeddable":true,"href":"https:\/\/www.giurgiuveanul.ro\/stiri\/wp-json\/wp\/v2\/categories?post=62385"},{"taxonomy":"post_tag","embeddable":true,"href":"https:\/\/www.giurgiuveanul.ro\/stiri\/wp-json\/wp\/v2\/tags?post=62385"}],"curies":[{"name":"wp","href":"https:\/\/api.w.org\/{rel}","templated":true}]}}