{"id":62388,"date":"2019-08-29T19:31:53","date_gmt":"2019-08-29T16:31:53","guid":{"rendered":"https:\/\/www.giurgiuveanul.ro\/stiri\/?p=62388"},"modified":"2019-08-29T19:37:34","modified_gmt":"2019-08-29T16:37:34","slug":"peste-60-de-jandarmi-vor-asigura-masurile-de-ordine-publica-la-meciul-a-f-c-astra-giurgiu-cfr-cluj","status":"publish","type":"post","link":"https:\/\/www.giurgiuveanul.ro\/stiri\/peste-60-de-jandarmi-vor-asigura-masurile-de-ordine-publica-la-meciul-a-f-c-astra-giurgiu-cfr-cluj\/","title":{"rendered":"Peste 60 de jandarmi vor asigura ordinea public\u0103 la meciul A.F.C. Astra Giurgiu &#8211; CFR Cluj"},"content":{"rendered":"<p style=\"text-align: justify;\"><strong><a href=\"https:\/\/www.giurgiuveanul.ro\/stiri\/wp-content\/uploads\/2019\/08\/jandarmi_meci_65934800.jpg\"><img loading=\"lazy\" decoding=\"async\" class=\"aligncenter size-large wp-image-62389\" src=\"https:\/\/www.giurgiuveanul.ro\/stiri\/wp-content\/uploads\/2019\/08\/jandarmi_meci_65934800-560x380.jpg\" alt=\"jandarmi_meci_65934800\" width=\"560\" height=\"380\" srcset=\"https:\/\/www.giurgiuveanul.ro\/stiri\/wp-content\/uploads\/2019\/08\/jandarmi_meci_65934800-560x380.jpg 560w, https:\/\/www.giurgiuveanul.ro\/stiri\/wp-content\/uploads\/2019\/08\/jandarmi_meci_65934800-250x170.jpg 250w, https:\/\/www.giurgiuveanul.ro\/stiri\/wp-content\/uploads\/2019\/08\/jandarmi_meci_65934800-400x272.jpg 400w, https:\/\/www.giurgiuveanul.ro\/stiri\/wp-content\/uploads\/2019\/08\/jandarmi_meci_65934800.jpg 620w\" sizes=\"auto, (max-width: 560px) 100vw, 560px\" \/><\/a>Peste 60 de jandarmi din cadrul<!--more--> Grup\u0103rii de Jandarmi Mobile \u201cMatei Basarab\u201d Ploie\u0219ti \u0219i Inspectoratului de Jandarmi Jude\u021bean Giurgiu vor asigura m\u0103surile de ordine public\u0103 la meciul de fotbal dintre echipele A.F.C. Astra Giurgiu \u0219i CFR Cluj. Cele dou\u0103 echipe vor juca pe stadionul municipal \u201cMarin Anastasovici\u201d din Giurgiu s\u00e2mb\u0103t\u0103, 31 august a.c., \u00eencep\u00e2nd cu ora 21.00.<\/strong><\/p>\n<p style=\"text-align: justify;\">Jandarmii vor fi prezen\u021bi \u00een zona imediat\u0103 \u015fi apropiat\u0103 locului de desf\u0103\u015furare a partidei pentru prevenirea \u015fi combaterea faptelor care pot conduce la tulburarea ordinii publice \u00eenainte, pe timpul \u015fi dup\u0103 terminarea meciului.<\/p>\n<p style=\"text-align: justify;\">Accesul spectatorilor \u00een incinta stadionului va fi permis \u00eencep\u00e2nd cu ora 19.00 prin locurile special amenajate din Aleea Fabrica de Zah\u0103r, str. Chauncey Hardy \u015fi Aleea Plantelor, astfel: <strong>\u00a0\u00a0<\/strong><\/p>\n<p style=\"text-align: justify;\">&#8211; pentru spectatorii care au bilete la tribuna I &#8211; str. Chauncey Hardy;<\/p>\n<p style=\"text-align: justify;\">&#8211; pentru spectatorii care au bilete la tribuna a II-a &#8211; Aleea Fabrica de Zah\u0103r;<\/p>\n<p style=\"text-align: justify;\">&#8211; pentru suporterii echipei CFR Cluj, la tribuna a II-a &#8211; Aleea Plantelor.<\/p>\n<p style=\"text-align: justify;\">La aceast\u0103 partid\u0103, peluza va fi \u00eenchis\u0103.<\/p>\n<p style=\"text-align: justify;\">Pentru a evita aglomera\u0163ia \u00een jurul punctelor de intrare \u00een arena sportiv\u0103, recomand\u0103m spectatorilor s\u0103 vin\u0103 la stadion \u00eencep\u00e2nd cu ora de deschidere a por\u0163ilor, s\u0103 nu se implice \u00een incidente care ar putea conduce la tulburarea ordinii \u015fi lini\u015ftii publice, delimit\u00e2ndu-se de orice form\u0103 de violen\u0163\u0103 verbal\u0103 sau fizic\u0103.<\/p>\n<p style=\"text-align: justify;\">Suporterii care se vor deplasa cu autoturismele trebuie s\u0103 aib\u0103 \u00een vedere faptul c\u0103 \u00een zona stadionului exist\u0103 posibilitatea s\u0103 nu g\u0103seasc\u0103 locuri de parcare suficiente.\u00a0 \u00cen acest sens, sunt ruga\u0163i s\u0103 parcheze autoturismele \u00een spa\u0163iile amenajate \u00een alte zone ale municipiului.<\/p>\n<p style=\"text-align: justify;\">\u00cen aceast\u0103 misiune, jandarmii sunt sprijini\u021bi de efective din cadrul Inspectoratului de Poli\u021bie al Jude\u021bului Giurgiu, Direc\u021biei Poli\u021biei Locale, Inspectoratului pentru Situa\u021bii de Urgen\u021b\u0103 \u201cVla\u0219ca\u201d al jude\u021bului Giurgiu \u0219i stewarzi.<\/p>\n<p style=\"text-align: center;\"><em>Compartimentul Informare, Rela\u0163ii Publice \u015fi cu Publicul al IJJ Giurgiu<\/em><\/p>\n","protected":false},"excerpt":{"rendered":"<p>Peste 60 de jandarmi din cadrul<\/p>\n","protected":false},"author":1,"featured_media":0,"comment_status":"open","ping_status":"open","sticky":false,"template":"","format":"standard","meta":{"footnotes":""},"categories":[6],"tags":[],"class_list":["post-62388","post","type-post","status-publish","format-standard","hentry","category-breaking-news"],"_links":{"self":[{"href":"https:\/\/www.giurgiuveanul.ro\/stiri\/wp-json\/wp\/v2\/posts\/62388","targetHints":{"allow":["GET"]}}],"collection":[{"href":"https:\/\/www.giurgiuveanul.ro\/stiri\/wp-json\/wp\/v2\/posts"}],"about":[{"href":"https:\/\/www.giurgiuveanul.ro\/stiri\/wp-json\/wp\/v2\/types\/post"}],"author":[{"embeddable":true,"href":"https:\/\/www.giurgiuveanul.ro\/stiri\/wp-json\/wp\/v2\/users\/1"}],"replies":[{"embeddable":true,"href":"https:\/\/www.giurgiuveanul.ro\/stiri\/wp-json\/wp\/v2\/comments?post=62388"}],"version-history":[{"count":0,"href":"https:\/\/www.giurgiuveanul.ro\/stiri\/wp-json\/wp\/v2\/posts\/62388\/revisions"}],"wp:attachment":[{"href":"https:\/\/www.giurgiuveanul.ro\/stiri\/wp-json\/wp\/v2\/media?parent=62388"}],"wp:term":[{"taxonomy":"category","embeddable":true,"href":"https:\/\/www.giurgiuveanul.ro\/stiri\/wp-json\/wp\/v2\/categories?post=62388"},{"taxonomy":"post_tag","embeddable":true,"href":"https:\/\/www.giurgiuveanul.ro\/stiri\/wp-json\/wp\/v2\/tags?post=62388"}],"curies":[{"name":"wp","href":"https:\/\/api.w.org\/{rel}","templated":true}]}}