{"id":62392,"date":"2019-08-29T19:55:38","date_gmt":"2019-08-29T16:55:38","guid":{"rendered":"https:\/\/www.giurgiuveanul.ro\/stiri\/?p=62392"},"modified":"2019-08-29T19:55:38","modified_gmt":"2019-08-29T16:55:38","slug":"ministrul-transporturilor-razvan-cuc-sunt-om-de-cuvant-si-imi-tin-promisiunile-podul-de-la-gradistea-va-fi-din-nou-functional","status":"publish","type":"post","link":"https:\/\/www.giurgiuveanul.ro\/stiri\/ministrul-transporturilor-razvan-cuc-sunt-om-de-cuvant-si-imi-tin-promisiunile-podul-de-la-gradistea-va-fi-din-nou-functional\/","title":{"rendered":"Ministrul Transporturilor, R\u0103zvan Cuc: \u201eSunt un om de cuv\u00e2nt \u0219i \u00eemi \u021bin promisiunile: podul de la Gr\u0103di\u0219tea va fi din nou func\u021bional!\u201d"},"content":{"rendered":"<p style=\"text-align: justify;\"><em><a href=\"https:\/\/www.giurgiuveanul.ro\/stiri\/wp-content\/uploads\/2019\/08\/R\u0103zvan-Cuc-depune-pl\u00e2ngere-penal\u0103-\u00eempotriva-fostului-director-CFR-QMagazine.jpg\"><img loading=\"lazy\" decoding=\"async\" class=\"aligncenter size-large wp-image-62393\" src=\"https:\/\/www.giurgiuveanul.ro\/stiri\/wp-content\/uploads\/2019\/08\/R\u0103zvan-Cuc-depune-pl\u00e2ngere-penal\u0103-\u00eempotriva-fostului-director-CFR-QMagazine-560x373.jpg\" alt=\"R\u0103zvan-Cuc-depune-pl\u00e2ngere-penal\u0103-\u00eempotriva-fostului-director-CFR-QMagazine\" width=\"560\" height=\"373\" srcset=\"https:\/\/www.giurgiuveanul.ro\/stiri\/wp-content\/uploads\/2019\/08\/R\u0103zvan-Cuc-depune-pl\u00e2ngere-penal\u0103-\u00eempotriva-fostului-director-CFR-QMagazine-560x373.jpg 560w, https:\/\/www.giurgiuveanul.ro\/stiri\/wp-content\/uploads\/2019\/08\/R\u0103zvan-Cuc-depune-pl\u00e2ngere-penal\u0103-\u00eempotriva-fostului-director-CFR-QMagazine-250x167.jpg 250w, https:\/\/www.giurgiuveanul.ro\/stiri\/wp-content\/uploads\/2019\/08\/R\u0103zvan-Cuc-depune-pl\u00e2ngere-penal\u0103-\u00eempotriva-fostului-director-CFR-QMagazine-400x267.jpg 400w, https:\/\/www.giurgiuveanul.ro\/stiri\/wp-content\/uploads\/2019\/08\/R\u0103zvan-Cuc-depune-pl\u00e2ngere-penal\u0103-\u00eempotriva-fostului-director-CFR-QMagazine.jpg 1080w\" sizes=\"auto, (max-width: 560px) 100vw, 560px\" \/><\/a>&#8222;Pentru c\u0103 nu uit niciodat\u0103 de<!--more--> oamenii care mi-au fost al\u0103turi la bine \u0219i la greu, le dau o veste bun\u0103 giurgiuvenilor: Podul de la Gr\u0103di\u0219tea se va reface! Pentru mine cuv\u00e2ntul dat oamenilor nu este o simpl\u0103 vorb\u0103 \u00een v\u00e2nt. Fac tot ce \u021bine de mine ca s\u0103 realizez acest obiectiv. Una dintre priorit\u0103\u021bile mele este refacerea Podului de la Gr\u0103di\u0219tea, <\/em><span class=\"text_exposed_show\"><em>ast\u0103zi promisiunea devine realitate. CFR Infrastructur\u0103 a publicat anun\u021bul pentru contractul de PROIECTARE \u0219i EXECUTIE a Podului de la Gr\u0103di\u0219tea&#8221;<\/em>, arat\u0103 <strong>R\u0103zvan Cuc<\/strong>, ministrul Transporturilor. <\/span><\/p>\n<div class=\"text_exposed_show\">\n<p style=\"text-align: justify;\"><strong>Perioada de proiectare este de patru luni, iar execu\u021bia\u00a0va dura \u00eenc\u0103 18 luni. <\/strong><\/p>\n<p style=\"text-align: justify;\"><em>&#8222;Poate avem surpriza \u0219i antreprenorul \u00eel va termina chiar mai devreme. Este destul de aproape de minister, a\u0219a c\u0103 vizitele pe \u0219antier vor fi destul de dese ca s\u0103 m\u0103 asigur c\u0103 vor fi respectate termenele \u0219i lucr\u0103rile vor fi de calitate. Garan\u021bia pentru lucr\u0103ri va fi de 60 de luni! Am v\u0103zut nenum\u0103ratele mesaje legate de Podul de la Gr\u0103di\u0219tea \u0219i am considerat necesar s\u0103-i anun\u021b pe to\u021bi cei interesa\u021bi care este stadiul acestui obiectiv, at\u00e2t de important pentru giurgiuveni , dar \u0219i pentru mine. Giurgiul trebuie s\u0103 \u0219tie c\u0103 nu l-am uitat&#8221;<\/em>, a mai precizat ministrul Transporturilor.<\/p>\n<p>&nbsp;<\/p>\n<\/div>\n","protected":false},"excerpt":{"rendered":"<p>&#8222;Pentru c\u0103 nu uit niciodat\u0103 de<\/p>\n","protected":false},"author":1,"featured_media":0,"comment_status":"open","ping_status":"open","sticky":false,"template":"","format":"standard","meta":{"footnotes":""},"categories":[6],"tags":[],"class_list":["post-62392","post","type-post","status-publish","format-standard","hentry","category-breaking-news"],"_links":{"self":[{"href":"https:\/\/www.giurgiuveanul.ro\/stiri\/wp-json\/wp\/v2\/posts\/62392","targetHints":{"allow":["GET"]}}],"collection":[{"href":"https:\/\/www.giurgiuveanul.ro\/stiri\/wp-json\/wp\/v2\/posts"}],"about":[{"href":"https:\/\/www.giurgiuveanul.ro\/stiri\/wp-json\/wp\/v2\/types\/post"}],"author":[{"embeddable":true,"href":"https:\/\/www.giurgiuveanul.ro\/stiri\/wp-json\/wp\/v2\/users\/1"}],"replies":[{"embeddable":true,"href":"https:\/\/www.giurgiuveanul.ro\/stiri\/wp-json\/wp\/v2\/comments?post=62392"}],"version-history":[{"count":0,"href":"https:\/\/www.giurgiuveanul.ro\/stiri\/wp-json\/wp\/v2\/posts\/62392\/revisions"}],"wp:attachment":[{"href":"https:\/\/www.giurgiuveanul.ro\/stiri\/wp-json\/wp\/v2\/media?parent=62392"}],"wp:term":[{"taxonomy":"category","embeddable":true,"href":"https:\/\/www.giurgiuveanul.ro\/stiri\/wp-json\/wp\/v2\/categories?post=62392"},{"taxonomy":"post_tag","embeddable":true,"href":"https:\/\/www.giurgiuveanul.ro\/stiri\/wp-json\/wp\/v2\/tags?post=62392"}],"curies":[{"name":"wp","href":"https:\/\/api.w.org\/{rel}","templated":true}]}}