{"id":62398,"date":"2019-08-30T09:23:09","date_gmt":"2019-08-30T06:23:09","guid":{"rendered":"https:\/\/www.giurgiuveanul.ro\/stiri\/?p=62398"},"modified":"2019-08-30T09:23:39","modified_gmt":"2019-08-30T06:23:39","slug":"lovit-pe-trecerea-de-pietoni-la-casa-cartii-in-municipiul-giurgiu-foto","status":"publish","type":"post","link":"https:\/\/www.giurgiuveanul.ro\/stiri\/lovit-pe-trecerea-de-pietoni-la-casa-cartii-in-municipiul-giurgiu-foto\/","title":{"rendered":"ACCIDENT RUTIER. Lovit pe trecerea de pietoni, la Casa C\u0103r\u0163ii, \u00een municipiul Giurgiu! (FOTO)"},"content":{"rendered":"<p style=\"text-align: justify;\"><a href=\"https:\/\/www.giurgiuveanul.ro\/stiri\/wp-content\/uploads\/2019\/08\/IMG_8838.jpg\"><img loading=\"lazy\" decoding=\"async\" class=\"aligncenter size-large wp-image-62399\" src=\"https:\/\/www.giurgiuveanul.ro\/stiri\/wp-content\/uploads\/2019\/08\/IMG_8838-560x364.jpg\" alt=\"IMG_8838\" width=\"560\" height=\"364\" srcset=\"https:\/\/www.giurgiuveanul.ro\/stiri\/wp-content\/uploads\/2019\/08\/IMG_8838-560x364.jpg 560w, https:\/\/www.giurgiuveanul.ro\/stiri\/wp-content\/uploads\/2019\/08\/IMG_8838-250x163.jpg 250w, https:\/\/www.giurgiuveanul.ro\/stiri\/wp-content\/uploads\/2019\/08\/IMG_8838-400x260.jpg 400w, https:\/\/www.giurgiuveanul.ro\/stiri\/wp-content\/uploads\/2019\/08\/IMG_8838.jpg 800w\" sizes=\"auto, (max-width: 560px) 100vw, 560px\" \/><\/a>O<!--more--> \u015foferi\u0163\u0103, de 26 ani, din Giurgiu, aflat\u0103 la volanul unui autoturism, care se deplasa din direc\u021bia Spitalului Jude\u0163ean de Urgen\u0163\u0103 Giurgiu, la trecerea de pietoni din zona Casa C\u0103r\u021bii, a accidentat asear\u0103, un b\u0103rbat, de 32 ani, tot din Giurgiu, pieton care se afla angajat \u00een traversarea str\u0103zii prin loc marcat \u0219i semnalizat.<\/p>\n<p style=\"text-align: justify;\">Victima a fost transportat\u0103 de o Ambulan\u0163\u0103, la Spitalul Jude\u0163ean de Urgen\u0163\u0103 Giurgiu.<\/p>\n<p style=\"text-align: justify;\"><a href=\"https:\/\/www.giurgiuveanul.ro\/stiri\/wp-content\/uploads\/2019\/08\/IMG_8759.jpg\"><img loading=\"lazy\" decoding=\"async\" class=\"aligncenter size-large wp-image-62400\" src=\"https:\/\/www.giurgiuveanul.ro\/stiri\/wp-content\/uploads\/2019\/08\/IMG_8759-560x400.jpg\" alt=\"IMG_8759\" width=\"560\" height=\"400\" srcset=\"https:\/\/www.giurgiuveanul.ro\/stiri\/wp-content\/uploads\/2019\/08\/IMG_8759-560x400.jpg 560w, https:\/\/www.giurgiuveanul.ro\/stiri\/wp-content\/uploads\/2019\/08\/IMG_8759-250x178.jpg 250w, https:\/\/www.giurgiuveanul.ro\/stiri\/wp-content\/uploads\/2019\/08\/IMG_8759-400x286.jpg 400w, https:\/\/www.giurgiuveanul.ro\/stiri\/wp-content\/uploads\/2019\/08\/IMG_8759.jpg 800w\" sizes=\"auto, (max-width: 560px) 100vw, 560px\" \/><\/a><\/p>\n<p style=\"text-align: justify;\">Potrivit purt\u0103torului de cuv\u00e2nt al IPJ Giurgiu, Emanuela S\u00e2rbu, ambii participan\u021bi la trafic au fost testa\u021bi cu aparatul etilotest \u0219i nu se aflau sub influen\u021ba b\u0103uturilor alcoolice.<\/p>\n<p style=\"text-align: justify;\">\u00cen cauz\u0103 se efectueaz\u0103 cercet\u0103ri sub aspectul s\u0103v\u00e2r\u0219irii infrac\u021biunii de v\u0103t\u0103mare corporal\u0103 din culp\u0103.<\/p>\n","protected":false},"excerpt":{"rendered":"<p>O<\/p>\n","protected":false},"author":1,"featured_media":0,"comment_status":"open","ping_status":"open","sticky":false,"template":"","format":"standard","meta":{"footnotes":""},"categories":[6],"tags":[],"class_list":["post-62398","post","type-post","status-publish","format-standard","hentry","category-breaking-news"],"_links":{"self":[{"href":"https:\/\/www.giurgiuveanul.ro\/stiri\/wp-json\/wp\/v2\/posts\/62398","targetHints":{"allow":["GET"]}}],"collection":[{"href":"https:\/\/www.giurgiuveanul.ro\/stiri\/wp-json\/wp\/v2\/posts"}],"about":[{"href":"https:\/\/www.giurgiuveanul.ro\/stiri\/wp-json\/wp\/v2\/types\/post"}],"author":[{"embeddable":true,"href":"https:\/\/www.giurgiuveanul.ro\/stiri\/wp-json\/wp\/v2\/users\/1"}],"replies":[{"embeddable":true,"href":"https:\/\/www.giurgiuveanul.ro\/stiri\/wp-json\/wp\/v2\/comments?post=62398"}],"version-history":[{"count":0,"href":"https:\/\/www.giurgiuveanul.ro\/stiri\/wp-json\/wp\/v2\/posts\/62398\/revisions"}],"wp:attachment":[{"href":"https:\/\/www.giurgiuveanul.ro\/stiri\/wp-json\/wp\/v2\/media?parent=62398"}],"wp:term":[{"taxonomy":"category","embeddable":true,"href":"https:\/\/www.giurgiuveanul.ro\/stiri\/wp-json\/wp\/v2\/categories?post=62398"},{"taxonomy":"post_tag","embeddable":true,"href":"https:\/\/www.giurgiuveanul.ro\/stiri\/wp-json\/wp\/v2\/tags?post=62398"}],"curies":[{"name":"wp","href":"https:\/\/api.w.org\/{rel}","templated":true}]}}