{"id":62404,"date":"2019-08-30T11:08:39","date_gmt":"2019-08-30T08:08:39","guid":{"rendered":"https:\/\/www.giurgiuveanul.ro\/stiri\/?p=62404"},"modified":"2019-08-30T11:08:39","modified_gmt":"2019-08-30T08:08:39","slug":"anunt-important-pentru-giurgiuvenii-care-se-afla-in-strainatate-cu-documente-legale-de-sedere","status":"publish","type":"post","link":"https:\/\/www.giurgiuveanul.ro\/stiri\/anunt-important-pentru-giurgiuvenii-care-se-afla-in-strainatate-cu-documente-legale-de-sedere\/","title":{"rendered":"ANUN\u0162 IMPORTANT PENTRU GIURGIUVENII care se afl\u0103 \u00een str\u0103in\u0103tate, cu documente legale de \u015federe!"},"content":{"rendered":"<p style=\"text-align: justify;\"><strong><a href=\"https:\/\/www.giurgiuveanul.ro\/stiri\/wp-content\/uploads\/2019\/08\/aep_95123800.jpg\"><img loading=\"lazy\" decoding=\"async\" class=\"aligncenter size-large wp-image-62405\" src=\"https:\/\/www.giurgiuveanul.ro\/stiri\/wp-content\/uploads\/2019\/08\/aep_95123800-560x336.jpg\" alt=\"aep_95123800\" width=\"560\" height=\"336\" srcset=\"https:\/\/www.giurgiuveanul.ro\/stiri\/wp-content\/uploads\/2019\/08\/aep_95123800-560x336.jpg 560w, https:\/\/www.giurgiuveanul.ro\/stiri\/wp-content\/uploads\/2019\/08\/aep_95123800-250x150.jpg 250w, https:\/\/www.giurgiuveanul.ro\/stiri\/wp-content\/uploads\/2019\/08\/aep_95123800-400x240.jpg 400w, https:\/\/www.giurgiuveanul.ro\/stiri\/wp-content\/uploads\/2019\/08\/aep_95123800.jpg 670w\" sizes=\"auto, (max-width: 560px) 100vw, 560px\" \/><\/a>Autoritatea<!--more--> Electoral\u0103 Permanent\u0103 (AEP) constat\u0103 c\u0103, dup\u0103 33 de zile de func\u0163ionalitate a portalului <a href=\"http:\/\/www.votstrainatate.ro\">www.votstrainatate.ro<\/a>, num\u0103rul cet\u0103\u0163enilor rom\u00e2ni care s-au \u00eenregistrat ca aleg\u0103tori \u00een str\u0103in\u0103tate este dezam\u0103gitor de mic, \u00een condi\u0163iile \u00een care mai sunt doar 13 zile pentru \u00eenscriere. Doar 13.800 de aleg\u0103tori rom\u00e2ni s-au \u00eenregistrat pentru vot la sec\u0163ia de votare \u015fi doar 14.401 de aleg\u0103tori pentru votul prin coresponden\u0163\u0103. Pe baza \u00eenregistr\u0103rilor de p\u00e2n\u0103 acum nu ar putea fi \u00eenfiin\u0163ate legal nici m\u0103car zece sec\u0163ii de votare.<\/strong><\/p>\n<p style=\"text-align: justify;\">Pre\u015fedintele AEP, Constantin-Florin Mitule\u0163u-Buic\u0103, face un apel c\u0103tre to\u0163i cet\u0103\u0163enii care se afl\u0103 \u00een str\u0103in\u0103tate cu documente legale de \u015federe (conform Ordinul ministrului afacerilor externe nr. 1627 din 26.08.2019, care abrog\u0103 Ordinul nr. 500\/2016) s\u0103 se \u00eenregistreze, pentru ca autorit\u0103\u0163ile rom\u00e2ne s\u0103 \u00eenfiin\u0163eze sec\u0163ii de votare conform num\u0103rului de \u00eenregistr\u0103ri, \u015fi nu pe baza unor informa\u0163ii vehiculate \u00een spa\u0163iul public referitoare la num\u0103rul de cet\u0103\u0163eni care s-ar afla \u00eentr-o localitate sau stat.<\/p>\n<p style=\"text-align: justify;\"><em>\u201dDac\u0103 la scrutinul din 26 mai au fost organizate \u00een str\u0103in\u0103tate 441 de sec\u0163ii de votare \u015fi au votat aproape 400.000 de cet\u0103\u0163eni, acum estim\u0103rile MAE arat\u0103 c\u0103 trebuie \u00eenfiin\u0163ate nu mai pu\u0163in de 900 de sec\u0163ii de votare, estim\u0103ri care nu au \u00een spate o eviden\u0163\u0103 clar\u0103 a inten\u0163iei de vot la alegerile preziden\u0163iale din anul 2019, respectiv \u00een datele de 8, 9, 10 noiembrie \u015fi 22, 23, 24 noiembrie 2019\u201d<\/em>, a precizat pre\u015fedintele AEP, potrivit unui comunicat remis News.ro.<\/p>\n<p style=\"text-align: justify;\">Reamintim c\u0103, potrivit legii, dac\u0103 se \u00eenregistreaz\u0103 cu op\u0163iunea pentru vot la sec\u0163iile de votare cel pu\u0163in 100 de cet\u0103\u0163eni din aceea\u015fi localitate sau grup de localit\u0103\u0163i, pentru ace\u015ftia va fi \u00eenfiin\u0163at\u0103 o sec\u0163ie de votare.<\/p>\n<p style=\"text-align: justify;\">Datele privind prezen\u0163a la vot \u00een str\u0103in\u0103tate pot fi vizualizate la adresa <a href=\"https:\/\/prezenta.bec.ro\/europarlamentare26052019\/abroad-pv-final\">https:\/\/prezenta.bec.ro\/europarlamentare26052019\/abroad-pv-final<\/a><\/p>\n<p style=\"text-align: justify;\"><em>\u201eM\u0103 a\u015ftept ca m\u0103car cei aproape 400.000 de cet\u0103\u0163eni rom\u00e2ni care au votat la europarlamentare, unii a\u015ftept\u00e2nd multe ore la coad\u0103, s\u0103 se \u00eenregistreze, astfel \u00eenc\u00e2t s\u0103 nu avem sec\u0163ii de votare care s\u0103 func\u0163ioneze nejustificat\u201d<\/em>, a mai spus Constantin-Florin Mitule\u0163u-Buic\u0103.<\/p>\n<p style=\"text-align: justify;\">Pre\u015fedintele AEP precizeaz\u0103 c\u0103 a luat act de solicit\u0103rile unor cet\u0103\u0163eni rom\u00e2ni c\u0103tre misiunile diplomatice pentru \u00eenfiin\u0163area c\u00e2torva sute de sec\u0163ii de votare \u00een str\u0103in\u0103tate, dar c\u0103, pe baza \u00eenregistr\u0103rilor de p\u00e2n\u0103 acum, nu ar putea fi \u00eenfiin\u0163ate legal nici m\u0103car zece sec\u0163ii de votare.<\/p>\n<p style=\"text-align: justify;\">Astfel, p\u00e2n\u0103 pe 29 august 2019, ora 16.00, erau \u00eenregistra\u0163i pe portalul\u00a0<a href=\"http:\/\/www.votstrainatate.ro\">www.votstrainatate.ro<\/a> doar 13.800 de aleg\u0103tori rom\u00e2ni pentru vot la sec\u0163ia de votare \u015fi doar 14.401 de aleg\u0103tori pentru votul prin coresponden\u0163\u0103.<\/p>\n<p style=\"text-align: justify;\">\u00cen topul \u00eenregistr\u0103rilor sunt Marea Britanie, Germania \u015fi Spania, dar cu un num\u0103r foarte mic \u00een compara\u0163ie cu num\u0103rul de cet\u0103\u0163eni rom\u00e2ni care au votat \u00een aceste \u0163\u0103ri la scrutinul din 26 mai 2019.<\/p>\n<p style=\"text-align: justify;\">Pre\u015fedintele AEP reitereaz\u0103 \u00eendemnul c\u0103tre cet\u0103\u0163enii rom\u00e2ni din str\u0103in\u0103tate s\u0103 opteze pentru votul prin coresponden\u0163\u0103, a c\u0103rui procedur\u0103 este simpl\u0103, sigur\u0103 \u015fi eficient\u0103 \u015fi care reprezint\u0103 o modalitate modern\u0103 de vot anticipat la distan\u0163\u0103.<\/p>\n","protected":false},"excerpt":{"rendered":"<p>Autoritatea<\/p>\n","protected":false},"author":1,"featured_media":0,"comment_status":"open","ping_status":"open","sticky":false,"template":"","format":"standard","meta":{"footnotes":""},"categories":[6],"tags":[],"class_list":["post-62404","post","type-post","status-publish","format-standard","hentry","category-breaking-news"],"_links":{"self":[{"href":"https:\/\/www.giurgiuveanul.ro\/stiri\/wp-json\/wp\/v2\/posts\/62404","targetHints":{"allow":["GET"]}}],"collection":[{"href":"https:\/\/www.giurgiuveanul.ro\/stiri\/wp-json\/wp\/v2\/posts"}],"about":[{"href":"https:\/\/www.giurgiuveanul.ro\/stiri\/wp-json\/wp\/v2\/types\/post"}],"author":[{"embeddable":true,"href":"https:\/\/www.giurgiuveanul.ro\/stiri\/wp-json\/wp\/v2\/users\/1"}],"replies":[{"embeddable":true,"href":"https:\/\/www.giurgiuveanul.ro\/stiri\/wp-json\/wp\/v2\/comments?post=62404"}],"version-history":[{"count":0,"href":"https:\/\/www.giurgiuveanul.ro\/stiri\/wp-json\/wp\/v2\/posts\/62404\/revisions"}],"wp:attachment":[{"href":"https:\/\/www.giurgiuveanul.ro\/stiri\/wp-json\/wp\/v2\/media?parent=62404"}],"wp:term":[{"taxonomy":"category","embeddable":true,"href":"https:\/\/www.giurgiuveanul.ro\/stiri\/wp-json\/wp\/v2\/categories?post=62404"},{"taxonomy":"post_tag","embeddable":true,"href":"https:\/\/www.giurgiuveanul.ro\/stiri\/wp-json\/wp\/v2\/tags?post=62404"}],"curies":[{"name":"wp","href":"https:\/\/api.w.org\/{rel}","templated":true}]}}