{"id":62428,"date":"2019-08-31T13:03:44","date_gmt":"2019-08-31T10:03:44","guid":{"rendered":"https:\/\/www.giurgiuveanul.ro\/stiri\/?p=62428"},"modified":"2019-08-31T13:03:44","modified_gmt":"2019-08-31T10:03:44","slug":"teatrul-tudor-vianu-giurgiu-stagiune-de-exterior-astazi-derbiul-campionilor","status":"publish","type":"post","link":"https:\/\/www.giurgiuveanul.ro\/stiri\/teatrul-tudor-vianu-giurgiu-stagiune-de-exterior-astazi-derbiul-campionilor\/","title":{"rendered":"Teatrul \u201dTudor Vianu\u201d Giurgiu, stagiune de exterior! Ast\u0103zi&#8230; \u201eDERBIUL CAMPIONILOR\u201d!"},"content":{"rendered":"<p style=\"text-align: justify;\"><a href=\"https:\/\/www.giurgiuveanul.ro\/stiri\/wp-content\/uploads\/2019\/08\/61358734_774888089572835_2817268838440108032_n.jpg\"><img loading=\"lazy\" decoding=\"async\" class=\"aligncenter size-large wp-image-62429\" src=\"https:\/\/www.giurgiuveanul.ro\/stiri\/wp-content\/uploads\/2019\/08\/61358734_774888089572835_2817268838440108032_n-560x373.jpg\" alt=\"61358734_774888089572835_2817268838440108032_n\" width=\"560\" height=\"373\" srcset=\"https:\/\/www.giurgiuveanul.ro\/stiri\/wp-content\/uploads\/2019\/08\/61358734_774888089572835_2817268838440108032_n-560x373.jpg 560w, https:\/\/www.giurgiuveanul.ro\/stiri\/wp-content\/uploads\/2019\/08\/61358734_774888089572835_2817268838440108032_n-250x167.jpg 250w, https:\/\/www.giurgiuveanul.ro\/stiri\/wp-content\/uploads\/2019\/08\/61358734_774888089572835_2817268838440108032_n-400x267.jpg 400w, https:\/\/www.giurgiuveanul.ro\/stiri\/wp-content\/uploads\/2019\/08\/61358734_774888089572835_2817268838440108032_n.jpg 960w\" sizes=\"auto, (max-width: 560px) 100vw, 560px\" \/><\/a>O nou\u0103<!--more--> \u00eent\u00e2lnire cu publicul a actorilor de la Teatrul \u201eTudor Vianu\u201d, \u00een aer liber, va avea loc ast\u0103zi, s\u00e2mb\u0103t\u0103, 31 august, ora 19,00, \u00een zona FABRICA DE ZAH\u0102R, unde pute\u0163i urm\u0103ri \u201eDERBIUL CAMPIONILOR\u201d!<\/p>\n<p style=\"text-align: justify;\">Un pretext fotbalistic pentru o c\u0103l\u0103torie muzical\u0103 prin Europa \u0219i America de Sud. Faulturi\u2026 cu haz, goluri\u2026. dramatice, marcaj om la om \u0219i un arbitru idealist care va \u00eencerca s\u0103 conving\u0103 combatan\u021bii c\u0103 \u00eentotdeauna DRAGOSTEA \u00eenvinge!<\/p>\n<p style=\"text-align: justify;\">Din distribu\u0163ie fac parte: ANCA PASCU \u2013 Rom\u00e2nia; ANA SIVU-DAPONTE \u2013 Fran\u021ba; EVELYN MARCU \u2013 Brazilia; CLAUDIA MORO\u0218ANU \u2013 Rusia; VLAD B\u00ceNZOIU \u2013 Grecia; ROBERT POIAN\u0102 \u2013 Italia; BOGDAN FLOREA \u2013 Argentina \u015fi VLAD TEODOROV \u2013 Anglia.<\/p>\n","protected":false},"excerpt":{"rendered":"<p>O nou\u0103<\/p>\n","protected":false},"author":1,"featured_media":0,"comment_status":"open","ping_status":"open","sticky":false,"template":"","format":"standard","meta":{"footnotes":""},"categories":[6],"tags":[],"class_list":["post-62428","post","type-post","status-publish","format-standard","hentry","category-breaking-news"],"_links":{"self":[{"href":"https:\/\/www.giurgiuveanul.ro\/stiri\/wp-json\/wp\/v2\/posts\/62428","targetHints":{"allow":["GET"]}}],"collection":[{"href":"https:\/\/www.giurgiuveanul.ro\/stiri\/wp-json\/wp\/v2\/posts"}],"about":[{"href":"https:\/\/www.giurgiuveanul.ro\/stiri\/wp-json\/wp\/v2\/types\/post"}],"author":[{"embeddable":true,"href":"https:\/\/www.giurgiuveanul.ro\/stiri\/wp-json\/wp\/v2\/users\/1"}],"replies":[{"embeddable":true,"href":"https:\/\/www.giurgiuveanul.ro\/stiri\/wp-json\/wp\/v2\/comments?post=62428"}],"version-history":[{"count":0,"href":"https:\/\/www.giurgiuveanul.ro\/stiri\/wp-json\/wp\/v2\/posts\/62428\/revisions"}],"wp:attachment":[{"href":"https:\/\/www.giurgiuveanul.ro\/stiri\/wp-json\/wp\/v2\/media?parent=62428"}],"wp:term":[{"taxonomy":"category","embeddable":true,"href":"https:\/\/www.giurgiuveanul.ro\/stiri\/wp-json\/wp\/v2\/categories?post=62428"},{"taxonomy":"post_tag","embeddable":true,"href":"https:\/\/www.giurgiuveanul.ro\/stiri\/wp-json\/wp\/v2\/tags?post=62428"}],"curies":[{"name":"wp","href":"https:\/\/api.w.org\/{rel}","templated":true}]}}