{"id":62431,"date":"2019-08-31T13:28:45","date_gmt":"2019-08-31T10:28:45","guid":{"rendered":"https:\/\/www.giurgiuveanul.ro\/stiri\/?p=62431"},"modified":"2019-08-31T13:28:45","modified_gmt":"2019-08-31T10:28:45","slug":"punga-cu-bani-gasita-de-jandarm-giurgiuvean-inapoiata-proprietarului-foto","status":"publish","type":"post","link":"https:\/\/www.giurgiuveanul.ro\/stiri\/punga-cu-bani-gasita-de-jandarm-giurgiuvean-inapoiata-proprietarului-foto\/","title":{"rendered":"Pung\u0103 cu bani g\u0103sit\u0103 de un jandarm giurgiuvean, \u00eenapoiat\u0103 proprietarului (FOTO)"},"content":{"rendered":"<p style=\"text-align: justify;\"><a href=\"https:\/\/www.giurgiuveanul.ro\/stiri\/wp-content\/uploads\/2019\/08\/70183657_2470120213049372_2011175198639783936_n.jpg\"><img loading=\"lazy\" decoding=\"async\" class=\"aligncenter size-large wp-image-62432\" src=\"https:\/\/www.giurgiuveanul.ro\/stiri\/wp-content\/uploads\/2019\/08\/70183657_2470120213049372_2011175198639783936_n-484x450.jpg\" alt=\"70183657_2470120213049372_2011175198639783936_n\" width=\"484\" height=\"450\" srcset=\"https:\/\/www.giurgiuveanul.ro\/stiri\/wp-content\/uploads\/2019\/08\/70183657_2470120213049372_2011175198639783936_n-484x450.jpg 484w, https:\/\/www.giurgiuveanul.ro\/stiri\/wp-content\/uploads\/2019\/08\/70183657_2470120213049372_2011175198639783936_n-250x233.jpg 250w, https:\/\/www.giurgiuveanul.ro\/stiri\/wp-content\/uploads\/2019\/08\/70183657_2470120213049372_2011175198639783936_n-400x372.jpg 400w, https:\/\/www.giurgiuveanul.ro\/stiri\/wp-content\/uploads\/2019\/08\/70183657_2470120213049372_2011175198639783936_n.jpg 800w\" sizes=\"auto, (max-width: 484px) 100vw, 484px\" \/><\/a>Un<!--more--> giurgiuvean \u0219i-a pierdut, recent, o sum\u0103 de bani, pe \u0219oseaua Bucure\u0219ti, \u00een zona Fabricii de p\u00e2ine. Banii au fost g\u0103si\u021bi de un jandarm, aflat \u00een timpul liber, care i-a predat colegilor din serviciu, astfel \u00eenc\u00e2t cel care i-a pierdut s\u0103 \u00eei recupereze.<\/p>\n<p style=\"text-align: justify;\">B\u0103rbatul care \u0219i-a pierdut banii a venit la sediul Jandarmeriei \u0219i i-a recuperat.<\/p>\n<p style=\"text-align: justify;\">Ulterior, giurgiuveanul, \u00een v\u00e2rst\u0103 de 40 de ani, a povestit c\u0103 se \u00eentorcea de la serviciu c\u00e2nd a pierdut banii \u0219i nu credea c\u0103 cineva \u00eei va mai \u00eenapoia. Mesajul de pe pagina Jandarmeriei Giurgiu a ajuns la el \u0219i a fost impresionat de gestul jandarmului pe care l-a \u00eent\u00e2lnit la sediul institu\u021biei, mul\u021bumindu-i personal.<\/p>\n","protected":false},"excerpt":{"rendered":"<p>Un<\/p>\n","protected":false},"author":1,"featured_media":0,"comment_status":"open","ping_status":"open","sticky":false,"template":"","format":"standard","meta":{"footnotes":""},"categories":[6],"tags":[],"class_list":["post-62431","post","type-post","status-publish","format-standard","hentry","category-breaking-news"],"_links":{"self":[{"href":"https:\/\/www.giurgiuveanul.ro\/stiri\/wp-json\/wp\/v2\/posts\/62431","targetHints":{"allow":["GET"]}}],"collection":[{"href":"https:\/\/www.giurgiuveanul.ro\/stiri\/wp-json\/wp\/v2\/posts"}],"about":[{"href":"https:\/\/www.giurgiuveanul.ro\/stiri\/wp-json\/wp\/v2\/types\/post"}],"author":[{"embeddable":true,"href":"https:\/\/www.giurgiuveanul.ro\/stiri\/wp-json\/wp\/v2\/users\/1"}],"replies":[{"embeddable":true,"href":"https:\/\/www.giurgiuveanul.ro\/stiri\/wp-json\/wp\/v2\/comments?post=62431"}],"version-history":[{"count":0,"href":"https:\/\/www.giurgiuveanul.ro\/stiri\/wp-json\/wp\/v2\/posts\/62431\/revisions"}],"wp:attachment":[{"href":"https:\/\/www.giurgiuveanul.ro\/stiri\/wp-json\/wp\/v2\/media?parent=62431"}],"wp:term":[{"taxonomy":"category","embeddable":true,"href":"https:\/\/www.giurgiuveanul.ro\/stiri\/wp-json\/wp\/v2\/categories?post=62431"},{"taxonomy":"post_tag","embeddable":true,"href":"https:\/\/www.giurgiuveanul.ro\/stiri\/wp-json\/wp\/v2\/tags?post=62431"}],"curies":[{"name":"wp","href":"https:\/\/api.w.org\/{rel}","templated":true}]}}