{"id":62437,"date":"2019-08-31T22:43:15","date_gmt":"2019-08-31T19:43:15","guid":{"rendered":"https:\/\/www.giurgiuveanul.ro\/stiri\/?p=62437"},"modified":"2019-08-31T22:43:15","modified_gmt":"2019-08-31T19:43:15","slug":"giurgiuvean-arestat-pentru-loviri-sau-vatamari-cauzatoare-de-moarte","status":"publish","type":"post","link":"https:\/\/www.giurgiuveanul.ro\/stiri\/giurgiuvean-arestat-pentru-loviri-sau-vatamari-cauzatoare-de-moarte\/","title":{"rendered":"Giurgiuvean arestat pentru loviri sau v\u0103t\u0103m\u0103ri cauzatoare de moarte"},"content":{"rendered":"<p style=\"text-align: justify;\"><a href=\"https:\/\/www.giurgiuveanul.ro\/stiri\/wp-content\/uploads\/2019\/08\/catuse-arest.jpg\"><img loading=\"lazy\" decoding=\"async\" class=\"aligncenter size-large wp-image-62438\" src=\"https:\/\/www.giurgiuveanul.ro\/stiri\/wp-content\/uploads\/2019\/08\/catuse-arest-560x336.jpg\" alt=\"catuse-arest\" width=\"560\" height=\"336\" srcset=\"https:\/\/www.giurgiuveanul.ro\/stiri\/wp-content\/uploads\/2019\/08\/catuse-arest-560x336.jpg 560w, https:\/\/www.giurgiuveanul.ro\/stiri\/wp-content\/uploads\/2019\/08\/catuse-arest-250x150.jpg 250w, https:\/\/www.giurgiuveanul.ro\/stiri\/wp-content\/uploads\/2019\/08\/catuse-arest-400x240.jpg 400w, https:\/\/www.giurgiuveanul.ro\/stiri\/wp-content\/uploads\/2019\/08\/catuse-arest.jpg 800w\" sizes=\"auto, (max-width: 560px) 100vw, 560px\" \/><\/a>Poli\u021bi\u0219ti din cadrul I.P.J. Giurgiu,<!--more--> sub coordonarea procurorului din cadrul Parchetului de pe l\u00e2ng\u0103 Tribunalul Giurgiu efectueaz\u0103 cercet\u0103ri fa\u021b\u0103 de un b\u0103rbat b\u0103nuit c\u0103 i-a aplicat concubinei mai multe lovituri \u00een urma c\u0103rora aceasta a decedat.<\/p>\n<p style=\"text-align: justify;\">Astfel, la data de 28 august 2019, poli\u021bi\u0219tii au fost sesiza\u021bi prin SNUAU 112 de c\u0103tre un b\u0103rbat, de 58 de ani, din municipiul Giurgiu, cu privire la faptul c\u0103, concubina acestuia, o femeie, de 47 de ani, din comuna Malu, jude\u021bul Giurgiu, a decedat la locuin\u021ba b\u0103rbatului, situat\u0103 \u00een comuna Prundu, jude\u021bul Giurgiu.<\/p>\n<p style=\"text-align: justify;\">Sub coordonarea procurorului de caz, echipa constituit\u0103 a efectuat cercet\u0103ri \u0219i a dispus autopsierea cadavrului, ocazie cu care au fost eviden\u021biate mai multe urme de violen\u021b\u0103.<\/p>\n<p style=\"text-align: justify;\">La data de 30.08.2019 procurorul din cadrul Parchetului de pe l\u00e2ng\u0103 Tribunalul Giurgiu a dispus prin ordonan\u021b\u0103 re\u021binerea b\u0103rbatului, acesta fiind cercetat pentru s\u0103v\u00e2r\u0219irea infrac\u021biunii de loviri sau v\u0103t\u0103m\u0103ri cauzatoare de moarte.<\/p>\n<p style=\"text-align: justify;\">Ast\u0103zi, 31 august a.c., persoana re\u021binut\u0103 a fost prezentat\u0103 judec\u0103torului de drepturi \u0219i libert\u0103\u021bi din cadrul Tribunalului Giurgiu cu propunere de arestare preventiv\u0103, propunere care a fost admis\u0103, pe numele b\u0103rbatului fiind emis mandat de arestare preventiv\u0103 pentru 30 de zile, acesta fiind depus \u00een Centrul de Re\u021binere \u0219i Arest Preventiv Giurgiu.<\/p>\n","protected":false},"excerpt":{"rendered":"<p>Poli\u021bi\u0219ti din cadrul I.P.J. Giurgiu,<\/p>\n","protected":false},"author":1,"featured_media":0,"comment_status":"open","ping_status":"open","sticky":false,"template":"","format":"standard","meta":{"footnotes":""},"categories":[6],"tags":[],"class_list":["post-62437","post","type-post","status-publish","format-standard","hentry","category-breaking-news"],"_links":{"self":[{"href":"https:\/\/www.giurgiuveanul.ro\/stiri\/wp-json\/wp\/v2\/posts\/62437","targetHints":{"allow":["GET"]}}],"collection":[{"href":"https:\/\/www.giurgiuveanul.ro\/stiri\/wp-json\/wp\/v2\/posts"}],"about":[{"href":"https:\/\/www.giurgiuveanul.ro\/stiri\/wp-json\/wp\/v2\/types\/post"}],"author":[{"embeddable":true,"href":"https:\/\/www.giurgiuveanul.ro\/stiri\/wp-json\/wp\/v2\/users\/1"}],"replies":[{"embeddable":true,"href":"https:\/\/www.giurgiuveanul.ro\/stiri\/wp-json\/wp\/v2\/comments?post=62437"}],"version-history":[{"count":0,"href":"https:\/\/www.giurgiuveanul.ro\/stiri\/wp-json\/wp\/v2\/posts\/62437\/revisions"}],"wp:attachment":[{"href":"https:\/\/www.giurgiuveanul.ro\/stiri\/wp-json\/wp\/v2\/media?parent=62437"}],"wp:term":[{"taxonomy":"category","embeddable":true,"href":"https:\/\/www.giurgiuveanul.ro\/stiri\/wp-json\/wp\/v2\/categories?post=62437"},{"taxonomy":"post_tag","embeddable":true,"href":"https:\/\/www.giurgiuveanul.ro\/stiri\/wp-json\/wp\/v2\/tags?post=62437"}],"curies":[{"name":"wp","href":"https:\/\/api.w.org\/{rel}","templated":true}]}}