{"id":62440,"date":"2019-09-01T11:35:21","date_gmt":"2019-09-01T08:35:21","guid":{"rendered":"https:\/\/www.giurgiuveanul.ro\/stiri\/?p=62440"},"modified":"2019-09-01T11:35:21","modified_gmt":"2019-09-01T08:35:21","slug":"accident-rutier-grav-pe-dn-5-fost-solicitat-elicopterul-smurd-foto","status":"publish","type":"post","link":"https:\/\/www.giurgiuveanul.ro\/stiri\/accident-rutier-grav-pe-dn-5-fost-solicitat-elicopterul-smurd-foto\/","title":{"rendered":"ACCIDENT RUTIER GRAV pe DN 5! A fost solicitat elicopterul SMURD! (FOTO)"},"content":{"rendered":"<p><strong><a href=\"https:\/\/www.giurgiuveanul.ro\/stiri\/wp-content\/uploads\/2019\/09\/69322883_732283113891326_5280802220466503680_n.jpg\"><img loading=\"lazy\" decoding=\"async\" class=\"aligncenter size-large wp-image-62441\" src=\"https:\/\/www.giurgiuveanul.ro\/stiri\/wp-content\/uploads\/2019\/09\/69322883_732283113891326_5280802220466503680_n-560x420.jpg\" alt=\"69322883_732283113891326_5280802220466503680_n\" width=\"560\" height=\"420\" srcset=\"https:\/\/www.giurgiuveanul.ro\/stiri\/wp-content\/uploads\/2019\/09\/69322883_732283113891326_5280802220466503680_n-560x420.jpg 560w, https:\/\/www.giurgiuveanul.ro\/stiri\/wp-content\/uploads\/2019\/09\/69322883_732283113891326_5280802220466503680_n-250x188.jpg 250w, https:\/\/www.giurgiuveanul.ro\/stiri\/wp-content\/uploads\/2019\/09\/69322883_732283113891326_5280802220466503680_n-400x300.jpg 400w, https:\/\/www.giurgiuveanul.ro\/stiri\/wp-content\/uploads\/2019\/09\/69322883_732283113891326_5280802220466503680_n.jpg 2048w\" sizes=\"auto, (max-width: 560px) 100vw, 560px\" \/><\/a>Ast\u0103zi, 1 septembrie 2019, \u00een jurul orei<!--more--> 10:00, s-a produs un accident rutier la Uzunu, pe DN5<\/strong><\/p>\n<p>\u00cen accident sunt implicate un autoturism \u0219i o motociclet\u0103, o singur\u0103 victim\u0103 necesit\u0103 \u00eengrijiri medicale, respectiv conduc\u0103torul motocicletei.<\/p>\n<p><a href=\"https:\/\/www.giurgiuveanul.ro\/stiri\/wp-content\/uploads\/2019\/09\/70094100_370373953852932_8578720307836092416_n.jpg\"><img loading=\"lazy\" decoding=\"async\" class=\"aligncenter size-large wp-image-62442\" src=\"https:\/\/www.giurgiuveanul.ro\/stiri\/wp-content\/uploads\/2019\/09\/70094100_370373953852932_8578720307836092416_n-560x272.jpg\" alt=\"70094100_370373953852932_8578720307836092416_n\" width=\"560\" height=\"272\" srcset=\"https:\/\/www.giurgiuveanul.ro\/stiri\/wp-content\/uploads\/2019\/09\/70094100_370373953852932_8578720307836092416_n-560x272.jpg 560w, https:\/\/www.giurgiuveanul.ro\/stiri\/wp-content\/uploads\/2019\/09\/70094100_370373953852932_8578720307836092416_n-250x122.jpg 250w, https:\/\/www.giurgiuveanul.ro\/stiri\/wp-content\/uploads\/2019\/09\/70094100_370373953852932_8578720307836092416_n-400x195.jpg 400w, https:\/\/www.giurgiuveanul.ro\/stiri\/wp-content\/uploads\/2019\/09\/70094100_370373953852932_8578720307836092416_n.jpg 800w\" sizes=\"auto, (max-width: 560px) 100vw, 560px\" \/><\/a><\/p>\n<p>De\u015fi victima este con\u015ftient\u0103, informeaz\u0103 ISU Giurgiu, starea acesteia este destul de grav\u0103, prezent\u00e2nd politraumatisme (plag\u0103 la nivelul g\u00e2tului si ambele membre inferioare fracturate la o prim\u0103 evaluare).<\/p>\n<p>La locul accidentului au intervenit pompierii de la Punctul de lucru C\u0103lug\u0103reni \u015fi un echipaj SAJ. A fost solicitat \u0219i elicopterul SMURD, care a preluat \u015fi transportat victima la un spital din Bucure\u015fti.<\/p>\n<p>Traficul s-a desf\u0103\u0219urat \u00een condi\u0163ii normale, p\u00e2n\u0103 la sosirea elicopterului c\u00eend a fost restric\u021bionat pentru aterizarea acestuia.<\/p>\n<p>\u00cen prezent traficul se desf\u0103\u015foar\u0103 normal.<\/p>\n","protected":false},"excerpt":{"rendered":"<p>Ast\u0103zi, 1 septembrie 2019, \u00een jurul orei<\/p>\n","protected":false},"author":1,"featured_media":0,"comment_status":"open","ping_status":"open","sticky":false,"template":"","format":"standard","meta":{"footnotes":""},"categories":[6],"tags":[],"class_list":["post-62440","post","type-post","status-publish","format-standard","hentry","category-breaking-news"],"_links":{"self":[{"href":"https:\/\/www.giurgiuveanul.ro\/stiri\/wp-json\/wp\/v2\/posts\/62440","targetHints":{"allow":["GET"]}}],"collection":[{"href":"https:\/\/www.giurgiuveanul.ro\/stiri\/wp-json\/wp\/v2\/posts"}],"about":[{"href":"https:\/\/www.giurgiuveanul.ro\/stiri\/wp-json\/wp\/v2\/types\/post"}],"author":[{"embeddable":true,"href":"https:\/\/www.giurgiuveanul.ro\/stiri\/wp-json\/wp\/v2\/users\/1"}],"replies":[{"embeddable":true,"href":"https:\/\/www.giurgiuveanul.ro\/stiri\/wp-json\/wp\/v2\/comments?post=62440"}],"version-history":[{"count":0,"href":"https:\/\/www.giurgiuveanul.ro\/stiri\/wp-json\/wp\/v2\/posts\/62440\/revisions"}],"wp:attachment":[{"href":"https:\/\/www.giurgiuveanul.ro\/stiri\/wp-json\/wp\/v2\/media?parent=62440"}],"wp:term":[{"taxonomy":"category","embeddable":true,"href":"https:\/\/www.giurgiuveanul.ro\/stiri\/wp-json\/wp\/v2\/categories?post=62440"},{"taxonomy":"post_tag","embeddable":true,"href":"https:\/\/www.giurgiuveanul.ro\/stiri\/wp-json\/wp\/v2\/tags?post=62440"}],"curies":[{"name":"wp","href":"https:\/\/api.w.org\/{rel}","templated":true}]}}