{"id":62444,"date":"2019-09-01T20:28:01","date_gmt":"2019-09-01T17:28:01","guid":{"rendered":"https:\/\/www.giurgiuveanul.ro\/stiri\/?p=62444"},"modified":"2019-09-01T20:32:02","modified_gmt":"2019-09-01T17:32:02","slug":"tanara-giurgiuveanca-depistata-conducand-autoturismul-pe-drumurile-publice-fara-permis-de-conducere","status":"publish","type":"post","link":"https:\/\/www.giurgiuveanul.ro\/stiri\/tanara-giurgiuveanca-depistata-conducand-autoturismul-pe-drumurile-publice-fara-permis-de-conducere\/","title":{"rendered":"T\u00e2n\u0103r\u0103 giurgiuveanc\u0103, depistat\u0103 \u00een trafic&#8230; f\u0103r\u0103 permis de conducere!"},"content":{"rendered":"<p style=\"text-align: justify;\"><a href=\"https:\/\/www.giurgiuveanul.ro\/stiri\/wp-content\/uploads\/2019\/09\/Tanara-de-18-ani-prinsa-fara-permis-la-volan.jpg\"><img loading=\"lazy\" decoding=\"async\" class=\"aligncenter size-large wp-image-62445\" src=\"https:\/\/www.giurgiuveanul.ro\/stiri\/wp-content\/uploads\/2019\/09\/Tanara-de-18-ani-prinsa-fara-permis-la-volan-560x318.jpg\" alt=\"Tanara-de-18-ani-prinsa-fara-permis-la-volan\" width=\"560\" height=\"318\" srcset=\"https:\/\/www.giurgiuveanul.ro\/stiri\/wp-content\/uploads\/2019\/09\/Tanara-de-18-ani-prinsa-fara-permis-la-volan-560x318.jpg 560w, https:\/\/www.giurgiuveanul.ro\/stiri\/wp-content\/uploads\/2019\/09\/Tanara-de-18-ani-prinsa-fara-permis-la-volan-250x142.jpg 250w, https:\/\/www.giurgiuveanul.ro\/stiri\/wp-content\/uploads\/2019\/09\/Tanara-de-18-ani-prinsa-fara-permis-la-volan-400x227.jpg 400w, https:\/\/www.giurgiuveanul.ro\/stiri\/wp-content\/uploads\/2019\/09\/Tanara-de-18-ani-prinsa-fara-permis-la-volan.jpg 758w\" sizes=\"auto, (max-width: 560px) 100vw, 560px\" \/><\/a>O t\u00e2n\u0103r\u0103, de<!--more--> 35 de ani, din localitatea Clejani, jude\u021bul Giurgiu este cercetat\u0103 de poli\u021bi\u0219ti dup\u0103 ce a fost depistat\u0103 de poli\u021bi\u0219ti conduc\u00e2nd un autoturism pe drumurile publice din localitate.<\/p>\n<p style=\"text-align: justify;\">Vineri, 30 august a.c., \u00een jurul orei 02.10, poli\u021bi\u0219ti din cadrul Sec\u021biei nr. 6 de poli\u021bie rural\u0103 Mih\u0103ile\u0219ti au oprit pentru control, pe strada Bisericii, din localitatea Clejani, un autoturism condus de o t\u00e2n\u0103r\u0103, de 35 de ani, din localitate.<\/p>\n<p style=\"text-align: justify;\">Dup\u0103 identificarea conduc\u0103torului auto, cu ocazia verific\u0103rilor efectuatele, poli\u021bi\u0219tii au constatat faptul c\u0103 t\u00e2n\u0103ra nu de\u021bine permis de conducere pentru nicio categorie de vehicule.<\/p>\n<p style=\"text-align: justify;\">\u00cen cauz\u0103, a fost \u00eentocmit un dosar penal \u00een care se efectueaz\u0103 cercet\u0103ri sub aspectul comiterii infrac\u021biunii de conducerea unui vehicul f\u0103r\u0103 permis de conducere.<\/p>\n","protected":false},"excerpt":{"rendered":"<p>O t\u00e2n\u0103r\u0103, de<\/p>\n","protected":false},"author":1,"featured_media":0,"comment_status":"open","ping_status":"open","sticky":false,"template":"","format":"standard","meta":{"footnotes":""},"categories":[6],"tags":[],"class_list":["post-62444","post","type-post","status-publish","format-standard","hentry","category-breaking-news"],"_links":{"self":[{"href":"https:\/\/www.giurgiuveanul.ro\/stiri\/wp-json\/wp\/v2\/posts\/62444","targetHints":{"allow":["GET"]}}],"collection":[{"href":"https:\/\/www.giurgiuveanul.ro\/stiri\/wp-json\/wp\/v2\/posts"}],"about":[{"href":"https:\/\/www.giurgiuveanul.ro\/stiri\/wp-json\/wp\/v2\/types\/post"}],"author":[{"embeddable":true,"href":"https:\/\/www.giurgiuveanul.ro\/stiri\/wp-json\/wp\/v2\/users\/1"}],"replies":[{"embeddable":true,"href":"https:\/\/www.giurgiuveanul.ro\/stiri\/wp-json\/wp\/v2\/comments?post=62444"}],"version-history":[{"count":0,"href":"https:\/\/www.giurgiuveanul.ro\/stiri\/wp-json\/wp\/v2\/posts\/62444\/revisions"}],"wp:attachment":[{"href":"https:\/\/www.giurgiuveanul.ro\/stiri\/wp-json\/wp\/v2\/media?parent=62444"}],"wp:term":[{"taxonomy":"category","embeddable":true,"href":"https:\/\/www.giurgiuveanul.ro\/stiri\/wp-json\/wp\/v2\/categories?post=62444"},{"taxonomy":"post_tag","embeddable":true,"href":"https:\/\/www.giurgiuveanul.ro\/stiri\/wp-json\/wp\/v2\/tags?post=62444"}],"curies":[{"name":"wp","href":"https:\/\/api.w.org\/{rel}","templated":true}]}}