{"id":62460,"date":"2019-09-02T09:59:22","date_gmt":"2019-09-02T06:59:22","guid":{"rendered":"https:\/\/www.giurgiuveanul.ro\/stiri\/?p=62460"},"modified":"2019-09-02T09:59:22","modified_gmt":"2019-09-02T06:59:22","slug":"nu-respectat-ordinul-de-protectie-emis-de-instanta","status":"publish","type":"post","link":"https:\/\/www.giurgiuveanul.ro\/stiri\/nu-respectat-ordinul-de-protectie-emis-de-instanta\/","title":{"rendered":"Nu a respectat ordinul de protec\u021bie emis de instan\u021b\u0103"},"content":{"rendered":"<p style=\"text-align: justify;\"><strong><a href=\"https:\/\/www.giurgiuveanul.ro\/stiri\/wp-content\/uploads\/2019\/09\/judge-1400x788.jpg\"><img loading=\"lazy\" decoding=\"async\" class=\"aligncenter size-large wp-image-62461\" src=\"https:\/\/www.giurgiuveanul.ro\/stiri\/wp-content\/uploads\/2019\/09\/judge-1400x788-560x345.jpg\" alt=\"judge-1400x788\" width=\"560\" height=\"345\" srcset=\"https:\/\/www.giurgiuveanul.ro\/stiri\/wp-content\/uploads\/2019\/09\/judge-1400x788-560x345.jpg 560w, https:\/\/www.giurgiuveanul.ro\/stiri\/wp-content\/uploads\/2019\/09\/judge-1400x788-250x154.jpg 250w, https:\/\/www.giurgiuveanul.ro\/stiri\/wp-content\/uploads\/2019\/09\/judge-1400x788-400x246.jpg 400w, https:\/\/www.giurgiuveanul.ro\/stiri\/wp-content\/uploads\/2019\/09\/judge-1400x788.jpg 900w\" sizes=\"auto, (max-width: 560px) 100vw, 560px\" \/><\/a>Un giurgiuvean<!--more--> este cercetat penal pentru nerespectarea ordinului de protec\u021bie dup\u0103 ce a p\u0103truns \u00een locuin\u021ba unei giurgiuvence, de\u0219i avea ordin de protec\u021bie emis de Judec\u0103toria Giurgiu.<\/strong><\/p>\n<p style=\"text-align: justify;\">S\u00e2mb\u0103t\u0103, 31 august a.c., \u00een jurul orei 18.50, poli\u021bi\u0219tii de la Poli\u021bia Municipiului Giurgiu au fost sesiza\u021bi prin SNUAU 112 de o femeie, din municipiul Giurgiu, cu privire la faptul c\u0103 nepotul s\u0103u, un t\u00e2n\u0103r, de 22 ani, nu a respectat ordinul de protec\u021bie emis \u00een cursul lunii august a.c..<\/p>\n<p style=\"text-align: justify;\">Din cercet\u0103ri a reie\u0219it faptul c\u0103, de\u0219i \u00eempotriva t\u00e2n\u0103rului, la data de 14.08.2019, a fost emis ordin de protec\u021bie \u00een baza Sentin\u021bei Judec\u0103toriei Giurgiu, \u00een care sunt dispuse mai multe m\u0103suri printre care \u0219i p\u0103strarea unei distan\u021be de 100 metri fa\u021b\u0103 de locuin\u021ba femeii, acesta a fost g\u0103sit \u00een curtea imobilului.<\/p>\n<p style=\"text-align: justify;\">\u00centruc\u00e2t b\u0103rbatul \u00een cauz\u0103 a \u00eenc\u0103lcat masurile stabilite prin ordinul de protec\u021bie si a p\u0103truns in imobilul m\u0103tu\u0219ii sale, de\u0219i avea obliga\u021bia de a nu se apropia la o distan\u021b\u0103 mai mic\u0103 de 100 de metri de aceasta, a fost \u00eentocmit dosar penal sub aspectul s\u0103v\u00e2r\u0219irii infrac\u021biunii de \u201e<em>\u00eenc\u0103lcarea de c\u0103tre persoana \u00eempotriva c\u0103reia a fost emis ordin de protec\u021bie a oric\u0103reia dintre m\u0103surile dispuse prin ordinul de protec\u021bie\u201d<\/em>.<\/p>\n","protected":false},"excerpt":{"rendered":"<p>Un giurgiuvean<\/p>\n","protected":false},"author":1,"featured_media":0,"comment_status":"open","ping_status":"open","sticky":false,"template":"","format":"standard","meta":{"footnotes":""},"categories":[6],"tags":[],"class_list":["post-62460","post","type-post","status-publish","format-standard","hentry","category-breaking-news"],"_links":{"self":[{"href":"https:\/\/www.giurgiuveanul.ro\/stiri\/wp-json\/wp\/v2\/posts\/62460","targetHints":{"allow":["GET"]}}],"collection":[{"href":"https:\/\/www.giurgiuveanul.ro\/stiri\/wp-json\/wp\/v2\/posts"}],"about":[{"href":"https:\/\/www.giurgiuveanul.ro\/stiri\/wp-json\/wp\/v2\/types\/post"}],"author":[{"embeddable":true,"href":"https:\/\/www.giurgiuveanul.ro\/stiri\/wp-json\/wp\/v2\/users\/1"}],"replies":[{"embeddable":true,"href":"https:\/\/www.giurgiuveanul.ro\/stiri\/wp-json\/wp\/v2\/comments?post=62460"}],"version-history":[{"count":0,"href":"https:\/\/www.giurgiuveanul.ro\/stiri\/wp-json\/wp\/v2\/posts\/62460\/revisions"}],"wp:attachment":[{"href":"https:\/\/www.giurgiuveanul.ro\/stiri\/wp-json\/wp\/v2\/media?parent=62460"}],"wp:term":[{"taxonomy":"category","embeddable":true,"href":"https:\/\/www.giurgiuveanul.ro\/stiri\/wp-json\/wp\/v2\/categories?post=62460"},{"taxonomy":"post_tag","embeddable":true,"href":"https:\/\/www.giurgiuveanul.ro\/stiri\/wp-json\/wp\/v2\/tags?post=62460"}],"curies":[{"name":"wp","href":"https:\/\/api.w.org\/{rel}","templated":true}]}}