{"id":62463,"date":"2019-09-02T10:08:39","date_gmt":"2019-09-02T07:08:39","guid":{"rendered":"https:\/\/www.giurgiuveanul.ro\/stiri\/?p=62463"},"modified":"2019-09-02T10:09:40","modified_gmt":"2019-09-02T07:09:40","slug":"la-volan-desi-nu-avea-permis-itp-si-nici-rca","status":"publish","type":"post","link":"https:\/\/www.giurgiuveanul.ro\/stiri\/la-volan-desi-nu-avea-permis-itp-si-nici-rca\/","title":{"rendered":"La volan&#8230; de\u015fi nu avea permis de conducere, ITP \u0219i nici RCA"},"content":{"rendered":"<p style=\"text-align: justify;\"><strong><a href=\"https:\/\/www.giurgiuveanul.ro\/stiri\/wp-content\/uploads\/2019\/06\/masina-politie-accident-2-1024x730.jpg\"><img loading=\"lazy\" decoding=\"async\" class=\"aligncenter size-large wp-image-60867\" src=\"https:\/\/www.giurgiuveanul.ro\/stiri\/wp-content\/uploads\/2019\/06\/masina-politie-accident-2-1024x730-560x399.jpg\" alt=\"masina-politie-accident-2-1024x730\" width=\"560\" height=\"399\" srcset=\"https:\/\/www.giurgiuveanul.ro\/stiri\/wp-content\/uploads\/2019\/06\/masina-politie-accident-2-1024x730-560x399.jpg 560w, https:\/\/www.giurgiuveanul.ro\/stiri\/wp-content\/uploads\/2019\/06\/masina-politie-accident-2-1024x730-250x178.jpg 250w, https:\/\/www.giurgiuveanul.ro\/stiri\/wp-content\/uploads\/2019\/06\/masina-politie-accident-2-1024x730-400x285.jpg 400w, https:\/\/www.giurgiuveanul.ro\/stiri\/wp-content\/uploads\/2019\/06\/masina-politie-accident-2-1024x730.jpg 1024w\" sizes=\"auto, (max-width: 560px) 100vw, 560px\" \/><\/a>Un t\u00e2n\u0103r, de<!--more--> 20 de ani din comuna B\u0103neasa, jude\u021bul Giurgiu, este cercetat de poli\u021bi\u0219ti dup\u0103 ce a fost depistat conduc\u00e2nd pe drumurile publice, f\u0103r\u0103 a poseda permis de conducere, un vehicul care nu avea inspec\u021bia tehnic\u0103 periodic\u0103 efectuat\u0103 \u0219i nu poseda nici asigurare obligatorie de r\u0103spundere civil\u0103.<\/strong><\/p>\n<p style=\"text-align: justify;\">S\u00e2mb\u0103t\u0103, 31 august a.c., \u00een jurul orei 14.10, poli\u021bi\u0219tii Sec\u021biei nr. 7 de poli\u021bie rural\u0103 B\u0103neasa au fost sesiza\u021bi prin SNUAU 112 de un b\u0103rbat de 26 ani, din municipiul Giurgiu, cu privire la faptul c\u0103 \u00een timp ce se deplasa cu autoturismul pe Drumul Na\u021bional 41, \u00een localitatea B\u0103neasa, jude\u021bul Giurgiu, un alt autoturism, care rula \u00een fa\u021ba sa, \u00een aceea\u0219i direc\u021bie de mers, a virat brusc la st\u00e2nga, iar pentru a evita impactul cu acesta a p\u0103r\u0103sit partea carosabil\u0103, acro\u0219\u00e2nd un container de colectare a de\u0219eurilor menajere, f\u0103r\u0103 a fi \u00eenregistrate victime.<\/p>\n<p style=\"text-align: justify;\">\u00cen urma verific\u0103rilor efectuate de poli\u021bi\u0219ti a rezultat c\u0103 autoturismul care a efectuat virajul era condus de un t\u00e2n\u0103r de 20 ani, din localitate, care nu poseda permis de conducere iar vehiculul nu poseda ITP valabil \u0219i nici poli\u021b\u0103 RCA valabil\u0103.<\/p>\n<p style=\"text-align: justify;\">Cu privire la t\u00e2n\u0103rul depistat poli\u021bi\u0219tii s-au sesizat din oficiu cu privire la s\u0103v\u00e2r\u0219irea infrac\u021biunii de conducere a unui vehicul f\u0103r\u0103 permis de conducere, totodat\u0103 fa\u021b\u0103 de acesta fiind luate m\u0103suri de sanc\u021bionare contraven\u021bional\u0103 \u0219i re\u021binere a certificatului de \u00eenmatriculare, respectiv a pl\u0103cu\u021belor de \u00eenmatriculare.<\/p>\n","protected":false},"excerpt":{"rendered":"<p>Un t\u00e2n\u0103r, de<\/p>\n","protected":false},"author":1,"featured_media":0,"comment_status":"open","ping_status":"open","sticky":false,"template":"","format":"standard","meta":{"footnotes":""},"categories":[6],"tags":[],"class_list":["post-62463","post","type-post","status-publish","format-standard","hentry","category-breaking-news"],"_links":{"self":[{"href":"https:\/\/www.giurgiuveanul.ro\/stiri\/wp-json\/wp\/v2\/posts\/62463","targetHints":{"allow":["GET"]}}],"collection":[{"href":"https:\/\/www.giurgiuveanul.ro\/stiri\/wp-json\/wp\/v2\/posts"}],"about":[{"href":"https:\/\/www.giurgiuveanul.ro\/stiri\/wp-json\/wp\/v2\/types\/post"}],"author":[{"embeddable":true,"href":"https:\/\/www.giurgiuveanul.ro\/stiri\/wp-json\/wp\/v2\/users\/1"}],"replies":[{"embeddable":true,"href":"https:\/\/www.giurgiuveanul.ro\/stiri\/wp-json\/wp\/v2\/comments?post=62463"}],"version-history":[{"count":0,"href":"https:\/\/www.giurgiuveanul.ro\/stiri\/wp-json\/wp\/v2\/posts\/62463\/revisions"}],"wp:attachment":[{"href":"https:\/\/www.giurgiuveanul.ro\/stiri\/wp-json\/wp\/v2\/media?parent=62463"}],"wp:term":[{"taxonomy":"category","embeddable":true,"href":"https:\/\/www.giurgiuveanul.ro\/stiri\/wp-json\/wp\/v2\/categories?post=62463"},{"taxonomy":"post_tag","embeddable":true,"href":"https:\/\/www.giurgiuveanul.ro\/stiri\/wp-json\/wp\/v2\/tags?post=62463"}],"curies":[{"name":"wp","href":"https:\/\/api.w.org\/{rel}","templated":true}]}}