{"id":62466,"date":"2019-09-02T10:17:13","date_gmt":"2019-09-02T07:17:13","guid":{"rendered":"https:\/\/www.giurgiuveanul.ro\/stiri\/?p=62466"},"modified":"2019-09-02T10:17:13","modified_gmt":"2019-09-02T07:17:13","slug":"cu-alcoolul-in-nas-la-volan-mirositi-de-politisti","status":"publish","type":"post","link":"https:\/\/www.giurgiuveanul.ro\/stiri\/cu-alcoolul-in-nas-la-volan-mirositi-de-politisti\/","title":{"rendered":"Cu alcoolul \u00een nas la volan, \u201cmirosi\u0163i\u201d de poli\u0163i\u015fti"},"content":{"rendered":"<p style=\"text-align: justify;\"><strong><a href=\"https:\/\/www.giurgiuveanul.ro\/stiri\/wp-content\/uploads\/2019\/08\/fd33c29e7d443f9cfa321537aadc44f9.jpg\"><img loading=\"lazy\" decoding=\"async\" class=\"aligncenter size-large wp-image-62138\" src=\"https:\/\/www.giurgiuveanul.ro\/stiri\/wp-content\/uploads\/2019\/08\/fd33c29e7d443f9cfa321537aadc44f9-560x350.jpg\" alt=\"fd33c29e7d443f9cfa321537aadc44f9\" width=\"560\" height=\"350\" srcset=\"https:\/\/www.giurgiuveanul.ro\/stiri\/wp-content\/uploads\/2019\/08\/fd33c29e7d443f9cfa321537aadc44f9-560x350.jpg 560w, https:\/\/www.giurgiuveanul.ro\/stiri\/wp-content\/uploads\/2019\/08\/fd33c29e7d443f9cfa321537aadc44f9-250x156.jpg 250w, https:\/\/www.giurgiuveanul.ro\/stiri\/wp-content\/uploads\/2019\/08\/fd33c29e7d443f9cfa321537aadc44f9-400x250.jpg 400w, https:\/\/www.giurgiuveanul.ro\/stiri\/wp-content\/uploads\/2019\/08\/fd33c29e7d443f9cfa321537aadc44f9.jpg 750w\" sizes=\"auto, (max-width: 560px) 100vw, 560px\" \/><\/a>Doi<!--more--> tineri, din jude\u021bul Giurgiu, sunt cerceta\u021bi de poli\u021bi\u0219ti dup\u0103 ce au fost depista\u021bi conduc\u00e2nd autoturismele pe drumurile publice afl\u00e2ndu-se sub influen\u021ba b\u0103uturilor alcoolice.<\/strong><\/p>\n<p style=\"text-align: justify;\">Astfel, \u00een data de 31.08.2019, \u00een jurul orei 04.30, cu ocazia unei activit\u0103\u021bi de patrulare \u00een extravilanul comunei Schitu, jude\u021bul Giurgiu, pe Drumul Na\u021bional 5B, poli\u021bi\u0219tii Sec\u021biei nr. 4 de poli\u021bie rural\u0103 Ghimpa\u021bi au depistat \u00een trafic un t\u00e2n\u0103r, de 26 ani, din comuna Ghimpa\u021bi, \u00een timp ce conducea autoturismul sub influen\u021ba b\u0103uturilor alcoolice, fapt atestat de aparatul etilotest care a indicat valoarea de 0.58 mg.\/l. alcool pur \u00een aerul expirat.<\/p>\n<p style=\"text-align: justify;\">Duminic\u0103, 1 septembrie a.c., \u00een jurul orei 04.00, poli\u021bi\u0219tii Biroului Rutier au depistat \u00een trafic, pe strada Unirii din municipiul Giurgiu, un t\u00e2n\u0103r, de 30 ani, din comuna Oinacu, jude\u021bul Giurgiu, \u00een timp ce conducea sub influen\u021ba b\u0103uturilor alcoolice, fapt atestat de aparatul Drager care a indicat valoarea de 0.85 mg.\/l. alcool pur \u00een aerul expirat.<\/p>\n<p style=\"text-align: justify;\">Celor doi conduc\u0103tori auto le-au fost recoltate probe biologice (de s\u00e2nge) \u00een vederea stabilirii alcoolemiei \u0219i sunt cerceta\u021bi pentru s\u0103v\u00e2r\u0219irea infrac\u021biunii de conducere a unui vehicul sub influen\u021ba alcoolului.<\/p>\n","protected":false},"excerpt":{"rendered":"<p>Doi<\/p>\n","protected":false},"author":1,"featured_media":0,"comment_status":"open","ping_status":"open","sticky":false,"template":"","format":"standard","meta":{"footnotes":""},"categories":[6],"tags":[],"class_list":["post-62466","post","type-post","status-publish","format-standard","hentry","category-breaking-news"],"_links":{"self":[{"href":"https:\/\/www.giurgiuveanul.ro\/stiri\/wp-json\/wp\/v2\/posts\/62466","targetHints":{"allow":["GET"]}}],"collection":[{"href":"https:\/\/www.giurgiuveanul.ro\/stiri\/wp-json\/wp\/v2\/posts"}],"about":[{"href":"https:\/\/www.giurgiuveanul.ro\/stiri\/wp-json\/wp\/v2\/types\/post"}],"author":[{"embeddable":true,"href":"https:\/\/www.giurgiuveanul.ro\/stiri\/wp-json\/wp\/v2\/users\/1"}],"replies":[{"embeddable":true,"href":"https:\/\/www.giurgiuveanul.ro\/stiri\/wp-json\/wp\/v2\/comments?post=62466"}],"version-history":[{"count":0,"href":"https:\/\/www.giurgiuveanul.ro\/stiri\/wp-json\/wp\/v2\/posts\/62466\/revisions"}],"wp:attachment":[{"href":"https:\/\/www.giurgiuveanul.ro\/stiri\/wp-json\/wp\/v2\/media?parent=62466"}],"wp:term":[{"taxonomy":"category","embeddable":true,"href":"https:\/\/www.giurgiuveanul.ro\/stiri\/wp-json\/wp\/v2\/categories?post=62466"},{"taxonomy":"post_tag","embeddable":true,"href":"https:\/\/www.giurgiuveanul.ro\/stiri\/wp-json\/wp\/v2\/tags?post=62466"}],"curies":[{"name":"wp","href":"https:\/\/api.w.org\/{rel}","templated":true}]}}