{"id":62488,"date":"2019-09-02T20:10:26","date_gmt":"2019-09-02T17:10:26","guid":{"rendered":"https:\/\/www.giurgiuveanul.ro\/stiri\/?p=62488"},"modified":"2019-09-02T20:10:26","modified_gmt":"2019-09-02T17:10:26","slug":"proiect-se-interzice-cresterea-porcilor-in-gospodariile-din-municipiul-giurgiu","status":"publish","type":"post","link":"https:\/\/www.giurgiuveanul.ro\/stiri\/proiect-se-interzice-cresterea-porcilor-in-gospodariile-din-municipiul-giurgiu\/","title":{"rendered":"PROIECT! Se interzice cre\u015fterea porcilor \u00een gospod\u0103riile din municipiul Giurgiu!"},"content":{"rendered":"<p style=\"text-align: justify;\"><a href=\"https:\/\/www.giurgiuveanul.ro\/stiri\/wp-content\/uploads\/2019\/09\/maxresdefault-1.jpg\"><img loading=\"lazy\" decoding=\"async\" class=\"aligncenter size-large wp-image-62489\" src=\"https:\/\/www.giurgiuveanul.ro\/stiri\/wp-content\/uploads\/2019\/09\/maxresdefault-1-560x315.jpg\" alt=\"maxresdefault (1)\" width=\"560\" height=\"315\" srcset=\"https:\/\/www.giurgiuveanul.ro\/stiri\/wp-content\/uploads\/2019\/09\/maxresdefault-1-560x315.jpg 560w, https:\/\/www.giurgiuveanul.ro\/stiri\/wp-content\/uploads\/2019\/09\/maxresdefault-1-250x141.jpg 250w, https:\/\/www.giurgiuveanul.ro\/stiri\/wp-content\/uploads\/2019\/09\/maxresdefault-1-400x225.jpg 400w, https:\/\/www.giurgiuveanul.ro\/stiri\/wp-content\/uploads\/2019\/09\/maxresdefault-1.jpg 1280w\" sizes=\"auto, (max-width: 560px) 100vw, 560px\" \/><\/a>Autorit\u0103\u0163ile din municipiul Giurgiu<!--more--> ar putea interzice cre\u015fterea porcilor \u00een gospod\u0103rii, arat\u0103 un document transmis, pe adresa redac\u0163iei \u201eGiurgiuveanul\u201d, de prim\u0103ria municipiului.<\/p>\n<p style=\"text-align: justify;\">Pentru c\u0103 pesta porcin\u0103 face ravagii \u0219i \u00een Giurgiu, unde sunt mai multe focare de boal\u0103, municipalitatea a propus \u00een dezbatere public\u0103 un proiect de hot\u0103r\u00e2re prin care este interzis\u0103 cre\u0219terea suinelor \u00een gospod\u0103riile popula\u021biei.<\/p>\n<p style=\"text-align: justify;\">Dac\u0103 proiectul va fi adoptat, cei care vor fi depista\u021bi c\u0103 vor cre\u0219te ilegal porci pot primi amenzi \u00eentre 2.000 \u0219i 2.500 de lei.<\/p>\n","protected":false},"excerpt":{"rendered":"<p>Autorit\u0103\u0163ile din municipiul Giurgiu<\/p>\n","protected":false},"author":1,"featured_media":0,"comment_status":"open","ping_status":"open","sticky":false,"template":"","format":"standard","meta":{"footnotes":""},"categories":[6],"tags":[],"class_list":["post-62488","post","type-post","status-publish","format-standard","hentry","category-breaking-news"],"_links":{"self":[{"href":"https:\/\/www.giurgiuveanul.ro\/stiri\/wp-json\/wp\/v2\/posts\/62488","targetHints":{"allow":["GET"]}}],"collection":[{"href":"https:\/\/www.giurgiuveanul.ro\/stiri\/wp-json\/wp\/v2\/posts"}],"about":[{"href":"https:\/\/www.giurgiuveanul.ro\/stiri\/wp-json\/wp\/v2\/types\/post"}],"author":[{"embeddable":true,"href":"https:\/\/www.giurgiuveanul.ro\/stiri\/wp-json\/wp\/v2\/users\/1"}],"replies":[{"embeddable":true,"href":"https:\/\/www.giurgiuveanul.ro\/stiri\/wp-json\/wp\/v2\/comments?post=62488"}],"version-history":[{"count":0,"href":"https:\/\/www.giurgiuveanul.ro\/stiri\/wp-json\/wp\/v2\/posts\/62488\/revisions"}],"wp:attachment":[{"href":"https:\/\/www.giurgiuveanul.ro\/stiri\/wp-json\/wp\/v2\/media?parent=62488"}],"wp:term":[{"taxonomy":"category","embeddable":true,"href":"https:\/\/www.giurgiuveanul.ro\/stiri\/wp-json\/wp\/v2\/categories?post=62488"},{"taxonomy":"post_tag","embeddable":true,"href":"https:\/\/www.giurgiuveanul.ro\/stiri\/wp-json\/wp\/v2\/tags?post=62488"}],"curies":[{"name":"wp","href":"https:\/\/api.w.org\/{rel}","templated":true}]}}