{"id":62497,"date":"2019-09-03T09:34:25","date_gmt":"2019-09-03T06:34:25","guid":{"rendered":"https:\/\/www.giurgiuveanul.ro\/stiri\/?p=62497"},"modified":"2019-09-03T09:39:00","modified_gmt":"2019-09-03T06:39:00","slug":"programul-litoralul-pentru-toti-inceput-care-sunt-preturile-de-cazare","status":"publish","type":"post","link":"https:\/\/www.giurgiuveanul.ro\/stiri\/programul-litoralul-pentru-toti-inceput-care-sunt-preturile-de-cazare\/","title":{"rendered":"Programul &#8222;Litoralul pentru to\u0163i&#8221; a \u00eenceput. Care sunt pre\u021burile de cazare"},"content":{"rendered":"<p style=\"text-align: justify;\"><strong><a href=\"https:\/\/www.giurgiuveanul.ro\/stiri\/wp-content\/uploads\/2019\/09\/litoral_01167900.jpg\"><img loading=\"lazy\" decoding=\"async\" class=\"aligncenter size-large wp-image-62498\" src=\"https:\/\/www.giurgiuveanul.ro\/stiri\/wp-content\/uploads\/2019\/09\/litoral_01167900-560x315.jpg\" alt=\"litoral_01167900\" width=\"560\" height=\"315\" srcset=\"https:\/\/www.giurgiuveanul.ro\/stiri\/wp-content\/uploads\/2019\/09\/litoral_01167900-560x315.jpg 560w, https:\/\/www.giurgiuveanul.ro\/stiri\/wp-content\/uploads\/2019\/09\/litoral_01167900-250x141.jpg 250w, https:\/\/www.giurgiuveanul.ro\/stiri\/wp-content\/uploads\/2019\/09\/litoral_01167900-400x225.jpg 400w, https:\/\/www.giurgiuveanul.ro\/stiri\/wp-content\/uploads\/2019\/09\/litoral_01167900.jpg 1024w\" sizes=\"auto, (max-width: 560px) 100vw, 560px\" \/><\/a>O nou\u0103<!--more--> edi\u0163ie a Programului \u201eLitoralul pentru to\u0163i\u201d, prin care turi\u015ftii beneficiaz\u0103 de cazare la mare cu tarife \u00eentre 50 \u015fi 140 de lei\/zi, se deruleaz\u0103 \u00een perioada 1 &#8211; 30 septembrie, informeaz\u0103 Federa\u0163ia Patronatelor din Turismul Rom\u00e2nesc (FPTR).\u00a0<\/strong><\/p>\n<div style=\"text-align: justify;\"><em>\u201eAcest program social este destinat turi\u015ftilor care \u00ee\u015fi doresc o vacan\u0163\u0103 la malul m\u0103rii la sf\u00e2r\u015fitul sezonului, pentru care pot aloca buget foarte mic, comparativ cu bugetele pentru sejururile petrecute \u00een lunile iulie \u015fi august. Tarifele practicate \u00een programul special \u00abLitoralul pentru to\u0163i\u00bb sunt mai mici cu p\u00e2n\u0103 la 70% fa\u0163\u0103 de cele din v\u00e2rf de sezon\u201d<\/em>, precizeaz\u0103 sursa citat\u0103.<\/div>\n<div style=\"text-align: justify;\">Conform FPTR, p\u00e2n\u0103 \u00een prezent, s-au \u00eenscris \u00een cea de-a 36-edi\u0163ie a Programului 49 hoteluri din toate sta\u0163iunile de pe litoral, care pun la dispozi\u0163ie 3.675 de locuri \u00een fiecare dintre cele patru serii.<\/div>\n<div style=\"text-align: justify;\"><em>\u201eAceste locuri vor fi v\u00e2ndute prin agen\u0163iile de turism partenere \u015fi rev\u00e2nz\u0103torii lor sau direct de c\u0103tre hotel. Astfel, peste 14.000 de locuri sunt preg\u0103tite pentru turi\u015ftii care doresc s\u0103 beneficieze de vacan\u0163e cu tarife reduse. Pentru a veni \u00een sprijinul turi\u015ftilor, multe hoteluri intrate \u00een program men\u0163in acelea\u015fi tarife nemodificate de \u015fapte ani, de\u015fi costurile utilit\u0103\u0163ilor au suferit \u00een toat\u0103 aceast\u0103 perioad\u0103 major\u0103ri de peste 60%, iar \u00een unele cazuri, chiar s-au dublat\u201d<\/em>, sus\u0163in reprezentan\u0163ii patronatele din turism.<\/div>\n<div style=\"text-align: justify;\">\u015ei \u00een cadrul edi\u0163iei din aceast\u0103 toamn\u0103 \u201eLitoralul pentru to\u0163i\u201d,<strong> sejururile pot fi achitate \u015fi cu vouchere de vacan\u0163\u0103<\/strong>.<\/div>\n","protected":false},"excerpt":{"rendered":"<p>O nou\u0103<\/p>\n","protected":false},"author":1,"featured_media":0,"comment_status":"open","ping_status":"open","sticky":false,"template":"","format":"standard","meta":{"footnotes":""},"categories":[6],"tags":[],"class_list":["post-62497","post","type-post","status-publish","format-standard","hentry","category-breaking-news"],"_links":{"self":[{"href":"https:\/\/www.giurgiuveanul.ro\/stiri\/wp-json\/wp\/v2\/posts\/62497","targetHints":{"allow":["GET"]}}],"collection":[{"href":"https:\/\/www.giurgiuveanul.ro\/stiri\/wp-json\/wp\/v2\/posts"}],"about":[{"href":"https:\/\/www.giurgiuveanul.ro\/stiri\/wp-json\/wp\/v2\/types\/post"}],"author":[{"embeddable":true,"href":"https:\/\/www.giurgiuveanul.ro\/stiri\/wp-json\/wp\/v2\/users\/1"}],"replies":[{"embeddable":true,"href":"https:\/\/www.giurgiuveanul.ro\/stiri\/wp-json\/wp\/v2\/comments?post=62497"}],"version-history":[{"count":0,"href":"https:\/\/www.giurgiuveanul.ro\/stiri\/wp-json\/wp\/v2\/posts\/62497\/revisions"}],"wp:attachment":[{"href":"https:\/\/www.giurgiuveanul.ro\/stiri\/wp-json\/wp\/v2\/media?parent=62497"}],"wp:term":[{"taxonomy":"category","embeddable":true,"href":"https:\/\/www.giurgiuveanul.ro\/stiri\/wp-json\/wp\/v2\/categories?post=62497"},{"taxonomy":"post_tag","embeddable":true,"href":"https:\/\/www.giurgiuveanul.ro\/stiri\/wp-json\/wp\/v2\/tags?post=62497"}],"curies":[{"name":"wp","href":"https:\/\/api.w.org\/{rel}","templated":true}]}}