{"id":62502,"date":"2019-09-03T15:21:12","date_gmt":"2019-09-03T12:21:12","guid":{"rendered":"https:\/\/www.giurgiuveanul.ro\/stiri\/?p=62502"},"modified":"2019-09-03T15:21:12","modified_gmt":"2019-09-03T12:21:12","slug":"21-de-agenti-de-politie-penitenciara-si-au-inceput-activitatea-in-penitenciarul-giurgiu","status":"publish","type":"post","link":"https:\/\/www.giurgiuveanul.ro\/stiri\/21-de-agenti-de-politie-penitenciara-si-au-inceput-activitatea-in-penitenciarul-giurgiu\/","title":{"rendered":"21 de agen\u021bi de poli\u021bie penitenciar\u0103 \u0219i-au \u00eenceput activitatea \u00een Penitenciarul Giurgiu"},"content":{"rendered":"<p class=\"yiv4517015126MsoNormal\" style=\"text-align: justify;\"><strong><a href=\"https:\/\/www.giurgiuveanul.ro\/stiri\/wp-content\/uploads\/2019\/09\/thumbnail1.jpg\"><img loading=\"lazy\" decoding=\"async\" class=\"aligncenter size-large wp-image-62503\" src=\"https:\/\/www.giurgiuveanul.ro\/stiri\/wp-content\/uploads\/2019\/09\/thumbnail1-560x303.jpg\" alt=\"thumbnail\" width=\"560\" height=\"303\" srcset=\"https:\/\/www.giurgiuveanul.ro\/stiri\/wp-content\/uploads\/2019\/09\/thumbnail1-560x303.jpg 560w, https:\/\/www.giurgiuveanul.ro\/stiri\/wp-content\/uploads\/2019\/09\/thumbnail1-250x135.jpg 250w, https:\/\/www.giurgiuveanul.ro\/stiri\/wp-content\/uploads\/2019\/09\/thumbnail1-400x217.jpg 400w, https:\/\/www.giurgiuveanul.ro\/stiri\/wp-content\/uploads\/2019\/09\/thumbnail1.jpg 800w\" sizes=\"auto, (max-width: 560px) 100vw, 560px\" \/><\/a>21 de<!--more--> agen\u021bi de poli\u021bie penitenciar\u0103,\u00a0din cadrul celei de a 23-a promo\u021bie a \u0218colii Na\u021bionale de Preg\u0103tire a Agen\u021bilor de Penitenciare T\u00e2rgu Ocna, \u0219i-au \u00eenceput\u00a0activitatea \u00een Penitenciarul Giurgiu.<\/strong><\/p>\n<p class=\"yiv4517015126MsoNormal\" style=\"text-align: justify;\">Pe \u00eentreg parcursul carierei, poli\u021bi\u0219tii de penitenciare se vor confrunta cu provoc\u0103ri, asum\u00e2ndu-\u0219i riscuri deosebite \u00een exercitarea atribu\u021biilor de serviciu \u00een misiuni de paz\u0103, escortare, supraveghere \u0219i interven\u021bie, vor pune \u00een aplicare legisla\u021bia privind executarea pedepselor privative de libertate \u015fi a celorlalte m\u0103suri dispuse de organele judiciare \u00een cursul procesului penal, \u00een limitele competen\u021belor stabilite prin lege.<\/p>\n<p class=\"yiv4517015126MsoNormal\" style=\"text-align: justify;\"><i>\u201eBun venit \u00een r\u00e2ndurile noastre \u0219i succes \u00een cariera profesional\u0103\u201d,<\/i>\u00a0le-a transmis noilor angaja\u0163i, \u00een prima lor zi de munc\u0103, directorul penitenciarului, <strong>comisarul de poli\u0163ie penitenciar\u0103 Marius Fulga<\/strong>.<\/p>\n","protected":false},"excerpt":{"rendered":"<p>21 de<\/p>\n","protected":false},"author":1,"featured_media":0,"comment_status":"open","ping_status":"open","sticky":false,"template":"","format":"standard","meta":{"footnotes":""},"categories":[6],"tags":[],"class_list":["post-62502","post","type-post","status-publish","format-standard","hentry","category-breaking-news"],"_links":{"self":[{"href":"https:\/\/www.giurgiuveanul.ro\/stiri\/wp-json\/wp\/v2\/posts\/62502","targetHints":{"allow":["GET"]}}],"collection":[{"href":"https:\/\/www.giurgiuveanul.ro\/stiri\/wp-json\/wp\/v2\/posts"}],"about":[{"href":"https:\/\/www.giurgiuveanul.ro\/stiri\/wp-json\/wp\/v2\/types\/post"}],"author":[{"embeddable":true,"href":"https:\/\/www.giurgiuveanul.ro\/stiri\/wp-json\/wp\/v2\/users\/1"}],"replies":[{"embeddable":true,"href":"https:\/\/www.giurgiuveanul.ro\/stiri\/wp-json\/wp\/v2\/comments?post=62502"}],"version-history":[{"count":0,"href":"https:\/\/www.giurgiuveanul.ro\/stiri\/wp-json\/wp\/v2\/posts\/62502\/revisions"}],"wp:attachment":[{"href":"https:\/\/www.giurgiuveanul.ro\/stiri\/wp-json\/wp\/v2\/media?parent=62502"}],"wp:term":[{"taxonomy":"category","embeddable":true,"href":"https:\/\/www.giurgiuveanul.ro\/stiri\/wp-json\/wp\/v2\/categories?post=62502"},{"taxonomy":"post_tag","embeddable":true,"href":"https:\/\/www.giurgiuveanul.ro\/stiri\/wp-json\/wp\/v2\/tags?post=62502"}],"curies":[{"name":"wp","href":"https:\/\/api.w.org\/{rel}","templated":true}]}}