{"id":62505,"date":"2019-09-03T16:20:17","date_gmt":"2019-09-03T13:20:17","guid":{"rendered":"https:\/\/www.giurgiuveanul.ro\/stiri\/?p=62505"},"modified":"2019-09-03T16:20:17","modified_gmt":"2019-09-03T13:20:17","slug":"travel-free-shop-pe-ultima-suta-de-metri-pentru-deschiderea-magazinului-din-vama-giurgiu","status":"publish","type":"post","link":"https:\/\/www.giurgiuveanul.ro\/stiri\/travel-free-shop-pe-ultima-suta-de-metri-pentru-deschiderea-magazinului-din-vama-giurgiu\/","title":{"rendered":"\u201cTravel Free Shop\u201d, pe ultima sut\u0103 de metri pentru deschiderea magazinului din Vama Giurgiu!"},"content":{"rendered":"<p style=\"text-align: justify;\"><strong><a href=\"https:\/\/www.giurgiuveanul.ro\/stiri\/wp-content\/uploads\/2019\/09\/IMG_0081.jpg\"><img loading=\"lazy\" decoding=\"async\" class=\"aligncenter size-large wp-image-62506\" src=\"https:\/\/www.giurgiuveanul.ro\/stiri\/wp-content\/uploads\/2019\/09\/IMG_0081-560x398.jpg\" alt=\"IMG_0081\" width=\"560\" height=\"398\" srcset=\"https:\/\/www.giurgiuveanul.ro\/stiri\/wp-content\/uploads\/2019\/09\/IMG_0081-560x398.jpg 560w, https:\/\/www.giurgiuveanul.ro\/stiri\/wp-content\/uploads\/2019\/09\/IMG_0081-250x178.jpg 250w, https:\/\/www.giurgiuveanul.ro\/stiri\/wp-content\/uploads\/2019\/09\/IMG_0081-400x284.jpg 400w, https:\/\/www.giurgiuveanul.ro\/stiri\/wp-content\/uploads\/2019\/09\/IMG_0081.jpg 800w\" sizes=\"auto, (max-width: 560px) 100vw, 560px\" \/><\/a>Travel Free Shops Rom\u00e2nia<\/strong>, prezent \u00een Giurgiu cu<!--more--> un magazin \u00een Zona Liber\u0103, cu acela\u0219i nume, este cu preg\u0103tirile pe final pentru deschiderea unui nou magazin pe pia\u021ba local\u0103, \u00een Vama Giurgiu, \u00a0compania fiind la final cu preg\u0103tirile.<\/p>\n<p style=\"text-align: justify;\">Potrivit Travel Free Shops Rom\u00e2nia, deschiderea este programat\u0103 pentru <strong>joi, 5 septembrie 2019, orele 12-14<\/strong>.<\/p>\n","protected":false},"excerpt":{"rendered":"<p>Travel Free Shops Rom\u00e2nia, prezent \u00een Giurgiu cu<\/p>\n","protected":false},"author":1,"featured_media":0,"comment_status":"open","ping_status":"open","sticky":false,"template":"","format":"standard","meta":{"footnotes":""},"categories":[6],"tags":[],"class_list":["post-62505","post","type-post","status-publish","format-standard","hentry","category-breaking-news"],"_links":{"self":[{"href":"https:\/\/www.giurgiuveanul.ro\/stiri\/wp-json\/wp\/v2\/posts\/62505","targetHints":{"allow":["GET"]}}],"collection":[{"href":"https:\/\/www.giurgiuveanul.ro\/stiri\/wp-json\/wp\/v2\/posts"}],"about":[{"href":"https:\/\/www.giurgiuveanul.ro\/stiri\/wp-json\/wp\/v2\/types\/post"}],"author":[{"embeddable":true,"href":"https:\/\/www.giurgiuveanul.ro\/stiri\/wp-json\/wp\/v2\/users\/1"}],"replies":[{"embeddable":true,"href":"https:\/\/www.giurgiuveanul.ro\/stiri\/wp-json\/wp\/v2\/comments?post=62505"}],"version-history":[{"count":0,"href":"https:\/\/www.giurgiuveanul.ro\/stiri\/wp-json\/wp\/v2\/posts\/62505\/revisions"}],"wp:attachment":[{"href":"https:\/\/www.giurgiuveanul.ro\/stiri\/wp-json\/wp\/v2\/media?parent=62505"}],"wp:term":[{"taxonomy":"category","embeddable":true,"href":"https:\/\/www.giurgiuveanul.ro\/stiri\/wp-json\/wp\/v2\/categories?post=62505"},{"taxonomy":"post_tag","embeddable":true,"href":"https:\/\/www.giurgiuveanul.ro\/stiri\/wp-json\/wp\/v2\/tags?post=62505"}],"curies":[{"name":"wp","href":"https:\/\/api.w.org\/{rel}","templated":true}]}}