{"id":62513,"date":"2019-09-04T08:52:35","date_gmt":"2019-09-04T05:52:35","guid":{"rendered":"https:\/\/www.giurgiuveanul.ro\/stiri\/?p=62513"},"modified":"2019-09-04T08:52:35","modified_gmt":"2019-09-04T05:52:35","slug":"proiect-de-lege-sambata-zi-lucratoare","status":"publish","type":"post","link":"https:\/\/www.giurgiuveanul.ro\/stiri\/proiect-de-lege-sambata-zi-lucratoare\/","title":{"rendered":"Proiect de lege: S\u00e2mb\u0103ta, zi lucr\u0103toare!"},"content":{"rendered":"<p style=\"text-align: justify;\"><a href=\"https:\/\/www.giurgiuveanul.ro\/stiri\/wp-content\/uploads\/2019\/09\/work-computer.jpg\"><img loading=\"lazy\" decoding=\"async\" class=\"aligncenter size-large wp-image-62514\" src=\"https:\/\/www.giurgiuveanul.ro\/stiri\/wp-content\/uploads\/2019\/09\/work-computer-560x373.jpg\" alt=\"work-computer\" width=\"560\" height=\"373\" srcset=\"https:\/\/www.giurgiuveanul.ro\/stiri\/wp-content\/uploads\/2019\/09\/work-computer-560x373.jpg 560w, https:\/\/www.giurgiuveanul.ro\/stiri\/wp-content\/uploads\/2019\/09\/work-computer-250x167.jpg 250w, https:\/\/www.giurgiuveanul.ro\/stiri\/wp-content\/uploads\/2019\/09\/work-computer-400x266.jpg 400w, https:\/\/www.giurgiuveanul.ro\/stiri\/wp-content\/uploads\/2019\/09\/work-computer.jpg 1000w\" sizes=\"auto, (max-width: 560px) 100vw, 560px\" \/><\/a>Liberalii au depus un proiect de lege potrivit c\u0103ruia<!--more--> orele suplimentare prestate \u00eentr-o zi din weekend pot fi compensate doar financiar. Angajatorul n-ar mai fi obligat s\u0103 acorde o alt\u0103 zi liber\u0103 \u00een locul celei muncite \u00een weekend, astfel c\u0103 repausul s\u0103pt\u0103m\u00e2nal obligatoriu de 48 de ore s-ar reduce la 24 de ore.<\/p>\n<p style=\"text-align: justify;\">Proiectul de lege, depus la Camera Deputa\u021bilor, a fost ini\u021biat de doi deputa\u021bi PNL: Dan V\u00eelceanu \u0219i Florica Chereche\u0219.<\/p>\n<p style=\"text-align: justify;\">\u00cen prezent, legea spune c\u0103 repausul s\u0103pt\u0103m\u00e2nal este de 48 de ore consecutive, de regul\u0103 s\u00e2mbata \u0219i duminica. Liberalii vor s\u0103 modifice Codul Muncii, astfel \u00eenc\u00e2t s\u0103 fie o singur\u0103 zi de odihn\u0103 obligatorie.<\/p>\n<p style=\"text-align: justify;\">A\u0219adar, angaja\u021bii ar putea s\u0103 vin\u0103 la munc\u0103 \u0219i s\u00e2mb\u0103ta, dac\u0103 doresc, iar angajatorul nu va mai fi obligat s\u0103 le dea o zi liber\u0103 \u00een timpul s\u0103pt\u0103m\u00e2nii, ci doar s\u0103 le pl\u0103teasc\u0103 orele suplimentare. Ziua lucr\u0103toare, \u00eens\u0103, nu poate dep\u0103\u0219i opt ore.<\/p>\n<p style=\"text-align: justify;\"><em>\u201e\u00cei d\u0103m dreptul salariatului s\u0103 opteze dac\u0103 vrea s\u0103 presteze ore suplimentare doar \u00een timpul s\u0103pt\u0103m\u00e2nii sau vrea s\u0103 vin\u0103 \u0219i s\u00e2mb\u0103ta. Asta este tot ce prevede acest proiect de lege. Deci, practic, \u00een momentul de fa\u021b\u0103, legea nu permite nici salaria\u021bilor, nici angajatorilor s\u0103 preseteze ore s\u00e2mb\u0103ta f\u0103r\u0103 s\u0103 ob\u021bin\u0103 sau s\u0103 i se dea ulterior o zi liber\u0103 (recuperare). Ave\u021bi 8 zile libere \u0219i ve\u021bi avea \u00een cont 8 zile libere. Dac\u0103 dumneavoastr\u0103 dori\u021bi ca s\u00e2mb\u0103ta s\u0103 lucra\u021bi \u0219i s\u0103 primi\u021bi un salariu cu 75 la sut\u0103 spor este strict op\u021biunea dvs\u201d,<\/em> a explicat pentru Digi24 deputatul PNL Dan V\u00eelceanu, ini\u021biatorul legii.<\/p>\n<p style=\"text-align: justify;\">Modificarea legislativ\u0103 vine mai ales \u00een sprijinul companiilor unde se lucreaz\u0103 \u00een trei schimburi sau cu personal insuficient.<\/p>\n<p style=\"text-align: justify;\">Postarea \u0219efului Serviciului de Comunicare din Ministerul Muncii a fost distribuit\u0103 \u0219i comentat\u0103 de Olgu\u021ba Vasilescu, fost ministru al Muncii.<\/p>\n<p style=\"text-align: justify;\">Vasilescu sus\u021bine c\u0103 modificarea legislativ\u0103 i-ar putea afecta \u0219i pe angaja\u021bii din sistemul privat.<\/p>\n<p style=\"text-align: justify;\"><em>\u201eBaietii nu au treaba doar cu bugetarii. Ei vor ca si cei din mediul privat sa lucreze o zi in plus pe saptamana. Chipurile \u201ein acord cu salariatul\u201d. Cati patroni intreaba angajatii din privat daca au chef de o zi de munca in plus, cand ei ii cheama si acum la munca, desi nu e legal?\u201d,<\/em> a spus Vasilescu.<\/p>\n","protected":false},"excerpt":{"rendered":"<p>Liberalii au depus un proiect de lege potrivit c\u0103ruia<\/p>\n","protected":false},"author":1,"featured_media":0,"comment_status":"open","ping_status":"open","sticky":false,"template":"","format":"standard","meta":{"footnotes":""},"categories":[6],"tags":[],"class_list":["post-62513","post","type-post","status-publish","format-standard","hentry","category-breaking-news"],"_links":{"self":[{"href":"https:\/\/www.giurgiuveanul.ro\/stiri\/wp-json\/wp\/v2\/posts\/62513","targetHints":{"allow":["GET"]}}],"collection":[{"href":"https:\/\/www.giurgiuveanul.ro\/stiri\/wp-json\/wp\/v2\/posts"}],"about":[{"href":"https:\/\/www.giurgiuveanul.ro\/stiri\/wp-json\/wp\/v2\/types\/post"}],"author":[{"embeddable":true,"href":"https:\/\/www.giurgiuveanul.ro\/stiri\/wp-json\/wp\/v2\/users\/1"}],"replies":[{"embeddable":true,"href":"https:\/\/www.giurgiuveanul.ro\/stiri\/wp-json\/wp\/v2\/comments?post=62513"}],"version-history":[{"count":0,"href":"https:\/\/www.giurgiuveanul.ro\/stiri\/wp-json\/wp\/v2\/posts\/62513\/revisions"}],"wp:attachment":[{"href":"https:\/\/www.giurgiuveanul.ro\/stiri\/wp-json\/wp\/v2\/media?parent=62513"}],"wp:term":[{"taxonomy":"category","embeddable":true,"href":"https:\/\/www.giurgiuveanul.ro\/stiri\/wp-json\/wp\/v2\/categories?post=62513"},{"taxonomy":"post_tag","embeddable":true,"href":"https:\/\/www.giurgiuveanul.ro\/stiri\/wp-json\/wp\/v2\/tags?post=62513"}],"curies":[{"name":"wp","href":"https:\/\/api.w.org\/{rel}","templated":true}]}}