{"id":62516,"date":"2019-09-04T09:14:51","date_gmt":"2019-09-04T06:14:51","guid":{"rendered":"https:\/\/www.giurgiuveanul.ro\/stiri\/?p=62516"},"modified":"2019-09-04T10:42:48","modified_gmt":"2019-09-04T07:42:48","slug":"mae-avertizare-pentru-romanii-care-calatoresc-in-perioada-8-8-septembrie-in-spania-si-folosesc-compania-iberia","status":"publish","type":"post","link":"https:\/\/www.giurgiuveanul.ro\/stiri\/mae-avertizare-pentru-romanii-care-calatoresc-in-perioada-8-8-septembrie-in-spania-si-folosesc-compania-iberia\/","title":{"rendered":"MAE, avertizare pentru rom\u00e2nii care c\u0103l\u0103toresc, \u00een perioada 8-9 septembrie, \u00een Spania \u015fi folosesc compania IBERIA!"},"content":{"rendered":"<p style=\"text-align: justify;\"><a href=\"https:\/\/www.giurgiuveanul.ro\/stiri\/wp-content\/uploads\/2019\/09\/iberia.jpg\"><img loading=\"lazy\" decoding=\"async\" class=\"aligncenter size-large wp-image-62517\" src=\"https:\/\/www.giurgiuveanul.ro\/stiri\/wp-content\/uploads\/2019\/09\/iberia-560x315.jpg\" alt=\"iberia\" width=\"560\" height=\"315\" srcset=\"https:\/\/www.giurgiuveanul.ro\/stiri\/wp-content\/uploads\/2019\/09\/iberia-560x315.jpg 560w, https:\/\/www.giurgiuveanul.ro\/stiri\/wp-content\/uploads\/2019\/09\/iberia-250x141.jpg 250w, https:\/\/www.giurgiuveanul.ro\/stiri\/wp-content\/uploads\/2019\/09\/iberia-400x225.jpg 400w, https:\/\/www.giurgiuveanul.ro\/stiri\/wp-content\/uploads\/2019\/09\/iberia.jpg 1024w\" sizes=\"auto, (max-width: 560px) 100vw, 560px\" \/><\/a>Ministerul Afacerilor Externe informeaz\u0103 cet\u0103\u021benii rom\u00e2ni care<!--more--> se afl\u0103, tranziteaz\u0103 sau doresc s\u0103 c\u0103l\u0103toreasc\u0103 \u00een Regatul Spaniei, pe calea aerului, c\u0103 activitatea pe Aeroportul Loiu din Bilbao,<strong> \u00een perioada 8-9 septembrie 2019,<\/strong> va fi afectat\u0103 din cauza grevei personalului de la sol al companiei <strong>IBERIA<\/strong>.<\/p>\n<p style=\"text-align: justify;\">Se recomand\u0103 cet\u0103\u021benilor rom\u00e2ni s\u0103 consulte site-urile oficiale ale companiilor aeriene la care c\u0103l\u0103toresc pentru a se informa asupra st\u0103rii zborurilor programate.<\/p>\n<p style=\"text-align: justify;\">Cet\u0103\u0163enii rom\u00e2ni pot solicita asisten\u0163\u0103 consular\u0103 la numerele de telefon ale Ambasadei Rom\u00e2niei la Madrid: +34917344004 \u0219i ale Consulatului General al Rom\u00e2niei la Bilbao: +34944245177, +34944233963, +340944256271, +340944256272, +340944256273, apelurile fiind redirec\u021bionate c\u0103tre Centrul de Contact \u0219i Suport al Cet\u0103\u0163enilor Rom\u00e2ni din Str\u0103in\u0103tate (CCSCRS) \u015fi preluate de c\u0103tre operatorii Call Center, \u00een regim de permanen\u021b\u0103. De asemenea, cet\u0103\u0163enii rom\u00e2ni care se confrunt\u0103 cu o situa\u0163ie dificil\u0103, special\u0103, cu caracter de urgen\u0163\u0103, au la dispozi\u0163ie \u015fi telefoanele de permanen\u021b\u0103 ale Ambasadei Rom\u00e2niei la Madrid: +34649656032 \u0219i ale Consulatului General al Rom\u00e2niei la Bilbao: +34608956278.<\/p>\n<p style=\"text-align: justify;\">Ministerul Afacerilor Externe recomand\u0103 consultarea paginilor de Internet\u00a0<a title=\"http:\/\/madrid.mae.ro\" href=\"http:\/\/madrid.mae.ro\/\" target=\"_blank\">http:\/\/madrid.mae.ro<\/a>,\u00a0<a title=\"http:\/\/bilbao.mae.ro\" href=\"http:\/\/bilbao.mae.ro\/\" target=\"_blank\">http:\/\/bilbao.mae.ro<\/a>,\u00a0<a title=\"www.mae.ro\" href=\"http:\/\/www.mae.ro\/\">www.mae.ro<\/a>\u00a0\u015fi reaminte\u0219te faptul c\u0103 cet\u0103\u021benii rom\u00e2ni care c\u0103l\u0103toresc \u00een str\u0103in\u0103tate au la dispozi\u021bie aplica\u021bia \u201eC\u0103l\u0103tore\u0219te \u00een siguran\u021b\u0103\u201d (<a title=\"http:\/\/www.mae.ro\/app_cs\" href=\"http:\/\/www.mae.ro\/app_cs\">http:\/\/www.mae.ro\/app_cs<\/a>), care ofer\u0103 informa\u021bii \u015fi sfaturi de c\u0103l\u0103torie.<\/p>\n","protected":false},"excerpt":{"rendered":"<p>Ministerul Afacerilor Externe informeaz\u0103 cet\u0103\u021benii rom\u00e2ni care<\/p>\n","protected":false},"author":1,"featured_media":0,"comment_status":"open","ping_status":"open","sticky":false,"template":"","format":"standard","meta":{"footnotes":""},"categories":[6],"tags":[],"class_list":["post-62516","post","type-post","status-publish","format-standard","hentry","category-breaking-news"],"_links":{"self":[{"href":"https:\/\/www.giurgiuveanul.ro\/stiri\/wp-json\/wp\/v2\/posts\/62516","targetHints":{"allow":["GET"]}}],"collection":[{"href":"https:\/\/www.giurgiuveanul.ro\/stiri\/wp-json\/wp\/v2\/posts"}],"about":[{"href":"https:\/\/www.giurgiuveanul.ro\/stiri\/wp-json\/wp\/v2\/types\/post"}],"author":[{"embeddable":true,"href":"https:\/\/www.giurgiuveanul.ro\/stiri\/wp-json\/wp\/v2\/users\/1"}],"replies":[{"embeddable":true,"href":"https:\/\/www.giurgiuveanul.ro\/stiri\/wp-json\/wp\/v2\/comments?post=62516"}],"version-history":[{"count":0,"href":"https:\/\/www.giurgiuveanul.ro\/stiri\/wp-json\/wp\/v2\/posts\/62516\/revisions"}],"wp:attachment":[{"href":"https:\/\/www.giurgiuveanul.ro\/stiri\/wp-json\/wp\/v2\/media?parent=62516"}],"wp:term":[{"taxonomy":"category","embeddable":true,"href":"https:\/\/www.giurgiuveanul.ro\/stiri\/wp-json\/wp\/v2\/categories?post=62516"},{"taxonomy":"post_tag","embeddable":true,"href":"https:\/\/www.giurgiuveanul.ro\/stiri\/wp-json\/wp\/v2\/tags?post=62516"}],"curies":[{"name":"wp","href":"https:\/\/api.w.org\/{rel}","templated":true}]}}