{"id":62521,"date":"2019-09-04T17:16:16","date_gmt":"2019-09-04T14:16:16","guid":{"rendered":"https:\/\/www.giurgiuveanul.ro\/stiri\/?p=62521"},"modified":"2019-09-04T17:16:16","modified_gmt":"2019-09-04T14:16:16","slug":"activitate-intensa-la-unitatile-de-invatamant-din-municipiul-giurgiu","status":"publish","type":"post","link":"https:\/\/www.giurgiuveanul.ro\/stiri\/activitate-intensa-la-unitatile-de-invatamant-din-municipiul-giurgiu\/","title":{"rendered":"Activitate intens\u0103 la unit\u0103\u021bile de \u00eenv\u0103\u021b\u0103m\u00e2nt din municipiul Giurgiu"},"content":{"rendered":"<p style=\"text-align: justify;\"><strong><a href=\"https:\/\/www.giurgiuveanul.ro\/stiri\/wp-content\/uploads\/2019\/09\/IMG_0571.jpg\"><img loading=\"lazy\" decoding=\"async\" class=\"aligncenter size-large wp-image-62522\" src=\"https:\/\/www.giurgiuveanul.ro\/stiri\/wp-content\/uploads\/2019\/09\/IMG_0571-560x415.jpg\" alt=\"IMG_0571\" width=\"560\" height=\"415\" srcset=\"https:\/\/www.giurgiuveanul.ro\/stiri\/wp-content\/uploads\/2019\/09\/IMG_0571-560x415.jpg 560w, https:\/\/www.giurgiuveanul.ro\/stiri\/wp-content\/uploads\/2019\/09\/IMG_0571-250x185.jpg 250w, https:\/\/www.giurgiuveanul.ro\/stiri\/wp-content\/uploads\/2019\/09\/IMG_0571-400x297.jpg 400w, https:\/\/www.giurgiuveanul.ro\/stiri\/wp-content\/uploads\/2019\/09\/IMG_0571.jpg 800w\" sizes=\"auto, (max-width: 560px) 100vw, 560px\" \/><\/a>Lucr\u0103rile de<!--more--> eficientizare energetic\u0103 \u0219i repara\u021bii la unit\u0103\u021bile de \u00eenv\u0103\u021b\u0103m\u00e2nt din municipiul Giurgiu se desf\u0103\u0219oar\u0103 \u00eentr-un ritm alert. Potrivit Prim\u0103riei municipiului Giurgiu, din cauza faptului c\u0103 au fost semnate contractele de finan\u021bare cu \u00eent\u00e2rziere, respectiv la \u00eenceputul lunii august, \u00een aceast\u0103 perioad\u0103 constructorii fac eforturi considerabile pentru finalizarea interioarelor. <\/strong><\/p>\n<p style=\"text-align: justify;\">Stadiul lucr\u0103rilor pentru fiecare unitate de \u00eenv\u0103\u021b\u0103m\u00e2nt :<\/p>\n<p style=\"text-align: justify;\">&#8211; Colegiul Na\u021bional &#8222;Ion Maiorescu &#8221; &#8211; cur\u0103\u021benia \u0219i igienizarea aproape finalizate<br \/>\n&#8211; Liceul Teoretic &#8222;Tudor Vianu &#8221; &#8211; lucr\u0103ri de eficientizare energetic\u0103, \u00een aceast\u0103 perioad\u0103 se lucreaz\u0103 la instala\u021bia electric\u0103 \u0219i termic\u0103<br \/>\n&#8211; Liceul Teoretic &#8222;Nicolae Cartojan&#8221; &#8211; cur\u0103\u021benie \u0219i igienizare finalizate<br \/>\n&#8211; Colegiul Tehnic &#8222;Viceamiral Ioan B\u0103l\u0103nescu&#8221; &#8211; lucr\u0103ri de eficientizare energetic\u0103, se lucreaz\u0103 la instala\u021bia electric\u0103 \u0219i termic\u0103<br \/>\n&#8211; \u0218coala de muzic\u0103 \u0219i arte plastice &#8222;Victor Karpis&#8221; &#8211; cur\u0103\u021benie \u0219i igienizare \u00een curs de finalizare<br \/>\n&#8211; \u0218coala gimnazial\u0103 &#8222;Sf. Gheorghe&#8221; &#8211; cur\u0103\u021benie finalizat\u0103<br \/>\n&#8211; \u0218coala gimnazial\u0103 &#8222;Mihai Eminescu &#8221; &#8211; lucr\u0103ri de eficientizare energetic\u0103 &#8211; etajul 2 este par\u021bial finalizat<br \/>\n&#8211; \u0218coala gimnazial\u0103 nr. 5 &#8211; etajul 3 aproape finalizat, se lucreaz\u0103 la instala\u021bia electric\u0103<br \/>\n&#8211; \u0218coala gimnazial\u0103 &#8222;Mircea cel B\u0103tr\u00e2n &#8221; &#8211; cur\u0103\u021benie finalizat\u0103<br \/>\n&#8211; \u0218coala gimnazial\u0103 nr. 7 &#8211; cur\u0103\u021benie \u0219i igienizare \u00een curs de finalizare<br \/>\n&#8211; \u0218coala gimnazial\u0103 &#8222;Academician Marin Voiculescu &#8221; &#8211; lucr\u0103ri de eficientizare energetic\u0103 &#8211; etajul 2 mai sunt dou\u0103 clase de amenajat, etajul 3, trei clase de amenajat<br \/>\n&#8211; \u0218coala gimnazial\u0103 nr. 10 &#8211; cur\u0103\u021benie \u0219i deratizare finalizate<br \/>\n&#8211; Gr\u0103dini\u021ba cu program normal nr. 8 &#8211; cur\u0103\u021benie \u00een curs de finalizare<br \/>\n&#8211; Gr\u0103dini\u021ba cu program prelungit &#8222;C\u0103su\u021ba fermecat\u0103 &#8221; &#8211; lucr\u0103ri de eficientizare energetic\u0103, cur\u0103\u021benia \u0219i deratizarea aproape finalizate<br \/>\n&#8211; Gr\u0103dini\u021ba cu program prelungit &#8222;Prichindeii &#8221; &#8211; cur\u0103\u021benie finalizat\u0103<br \/>\n&#8211; Gr\u0103dini\u021ba cu program prelungit &#8222;Dumbrava minunat\u0103 &#8221; &#8211; lucr\u0103ri de eficientizare energetic\u0103, se lucreaz\u0103 la instala\u021bia electric\u0103<br \/>\n&#8211; Liceul Tehnologic &#8222;Ion Barbu&#8221; &#8211; repara\u021biile sunt \u00een curs de finalizare<br \/>\n&#8211; \u0218coala gimnazial\u0103 &#8222;Savin Popescu &#8221; &#8211; repara\u021bii aproape finalizate<br \/>\n&#8211; Gr\u0103dini\u021ba cu program prelungit &#8222;Scufita Ro\u0219ie &#8221; &#8211; cur\u0103\u021benie aproape finalizat\u0103<br \/>\n&#8211; Gr\u0103dini\u021ba cu program normal nr. 3 &#8211; igienizare \u00een curs de finalizare<br \/>\n&#8211; Seminarul Telogic Ortodox &#8222;Teoctist Patriarhul&#8221; &#8211; igienizare \u0219i cur\u0103\u021benie \u00een curs de finalizare.<\/p>\n<p style=\"text-align: justify;\">Lucr\u0103rile de eficientizare energetic\u0103, repara\u021bii \u0219i igienizare pentru toate unit\u0103\u021bile de \u00eenv\u0103\u021b\u0103m\u00e2nt se ridica la aproximativ 20 de milioane lei.<\/p>\n","protected":false},"excerpt":{"rendered":"<p>Lucr\u0103rile de<\/p>\n","protected":false},"author":1,"featured_media":0,"comment_status":"open","ping_status":"open","sticky":false,"template":"","format":"standard","meta":{"footnotes":""},"categories":[6],"tags":[],"class_list":["post-62521","post","type-post","status-publish","format-standard","hentry","category-breaking-news"],"_links":{"self":[{"href":"https:\/\/www.giurgiuveanul.ro\/stiri\/wp-json\/wp\/v2\/posts\/62521","targetHints":{"allow":["GET"]}}],"collection":[{"href":"https:\/\/www.giurgiuveanul.ro\/stiri\/wp-json\/wp\/v2\/posts"}],"about":[{"href":"https:\/\/www.giurgiuveanul.ro\/stiri\/wp-json\/wp\/v2\/types\/post"}],"author":[{"embeddable":true,"href":"https:\/\/www.giurgiuveanul.ro\/stiri\/wp-json\/wp\/v2\/users\/1"}],"replies":[{"embeddable":true,"href":"https:\/\/www.giurgiuveanul.ro\/stiri\/wp-json\/wp\/v2\/comments?post=62521"}],"version-history":[{"count":0,"href":"https:\/\/www.giurgiuveanul.ro\/stiri\/wp-json\/wp\/v2\/posts\/62521\/revisions"}],"wp:attachment":[{"href":"https:\/\/www.giurgiuveanul.ro\/stiri\/wp-json\/wp\/v2\/media?parent=62521"}],"wp:term":[{"taxonomy":"category","embeddable":true,"href":"https:\/\/www.giurgiuveanul.ro\/stiri\/wp-json\/wp\/v2\/categories?post=62521"},{"taxonomy":"post_tag","embeddable":true,"href":"https:\/\/www.giurgiuveanul.ro\/stiri\/wp-json\/wp\/v2\/tags?post=62521"}],"curies":[{"name":"wp","href":"https:\/\/api.w.org\/{rel}","templated":true}]}}