{"id":62732,"date":"2019-09-12T10:19:03","date_gmt":"2019-09-12T07:19:03","guid":{"rendered":"https:\/\/www.giurgiuveanul.ro\/stiri\/?p=62732"},"modified":"2019-09-12T10:19:03","modified_gmt":"2019-09-12T07:19:03","slug":"lauda-familiei-3","status":"publish","type":"post","link":"https:\/\/www.giurgiuveanul.ro\/stiri\/lauda-familiei-3\/","title":{"rendered":"Laud\u0103 FAMILIEI"},"content":{"rendered":"<p style=\"text-align: justify;\"><a href=\"https:\/\/www.giurgiuveanul.ro\/stiri\/wp-content\/uploads\/2019\/09\/777780d8e01e50f0ff4c812491ffb855.jpg\"><img loading=\"lazy\" decoding=\"async\" class=\"aligncenter size-large wp-image-62733\" src=\"https:\/\/www.giurgiuveanul.ro\/stiri\/wp-content\/uploads\/2019\/09\/777780d8e01e50f0ff4c812491ffb855-560x450.jpg\" alt=\"777780d8e01e50f0ff4c812491ffb855\" width=\"560\" height=\"450\" srcset=\"https:\/\/www.giurgiuveanul.ro\/stiri\/wp-content\/uploads\/2019\/09\/777780d8e01e50f0ff4c812491ffb855-560x450.jpg 560w, https:\/\/www.giurgiuveanul.ro\/stiri\/wp-content\/uploads\/2019\/09\/777780d8e01e50f0ff4c812491ffb855-250x200.jpg 250w, https:\/\/www.giurgiuveanul.ro\/stiri\/wp-content\/uploads\/2019\/09\/777780d8e01e50f0ff4c812491ffb855-400x321.jpg 400w, https:\/\/www.giurgiuveanul.ro\/stiri\/wp-content\/uploads\/2019\/09\/777780d8e01e50f0ff4c812491ffb855.jpg 786w\" sizes=\"auto, (max-width: 560px) 100vw, 560px\" \/><\/a>*R\u0103spunz\u00e2nd unei post\u0103ri pe Facebook, scriam:<!--more-->&#8211;\u00a0<strong><em>eu sunt optimis! \u00cencrederea \u00een copiii no\u015ftri este \u015fi m\u0103sura iubirii pe care le-o purt\u0103m! Arogan\u0163a unor politicieni de ocazie care denigreaz\u0103 \u00eenv\u0103\u0163\u0103m\u00e2ntul \u00een loc s\u0103 sprijine \u015eCOALA este r\u0103t\u0103cirea unora care-\u015fi vorbesc ur\u00e2t MAMA. Nu-i bucurie mai mare pentru DOAMNA \u00ceNV\u0102\u0162\u0102TOARE dec\u00e2t s\u0103 vad\u0103 p\u0103rin\u0163i duc\u00e2ndu-\u015fi copiii de m\u00e2n\u0103 la \u015fcoal\u0103. Singurele flori stropite cu lacrimi DE BUCURIE ale mamei sunt cele pe care copilul, cu m\u00e2nu\u0163a lui bl\u00e2nd\u0103, le ofer\u0103 slujitorului \u015fcolii. Fiecare \u00ceNCEPUT de \u015fcoal\u0103 este un r\u0103s\u0103rit de S O A R E ! M\u00e2ine, 9 septembrie, cele trei nepoate ale mele vor merge fiecare spre un cuclu de \u00eenv\u0103\u0163\u0103m\u00e2nt<\/em><\/strong><strong><em>.<\/em><\/strong><\/p>\n<p style=\"text-align: justify;\"><strong><em>*La TVR: <\/em><\/strong><strong><em>O femeie de etnie rom\u0103, dup\u0103 ce a fost la cer\u015fit \u00eentr-o \u0163ar\u0103 nordic\u0103, revine \u00een Rom\u00e2nia, \u00ee\u015fi face studii \u00een domeniu \u015fi devine educatoare \u00eentr-o localitate cu popula\u0163ie majoritar de etnie rom\u0103. Merit\u0103 laude!<\/em><\/strong><\/p>\n<p style=\"text-align: justify;\"><strong><em>*LaTVR: Un rom\u00e2n stabilit \u00eentr-o \u0163ar\u0103 din occident, rotofei la fa\u0163\u0103 \u015fi v\u0103dit supraponderal, \u00eendeamn\u0103 tinerii s\u0103 p\u0103r\u0103seasc\u0103 Rom\u00e2nia \u015fi s\u0103-\u015fi caute realizarea \u00een alt\u0103 \u0163ar\u0103!Ne\u015ftiind ce s\u0103 zic, am schimbat postul!<\/em><\/strong><\/p>\n<p style=\"text-align: justify;\"><strong><em>*<\/em><\/strong> Ministrul Rom\u00e2nilor de Pretutindeni, Natalia-Elena Intotero, a anun\u0163at c\u0103, potrivit celor mai recente statistici, aproximativ<strong>9.700.000 de rom\u00e2ni<\/strong>\u00a0sunt pleca\u021bi \u00een str\u0103in\u0103tate. Motivele emigr\u0103rii sunt corup\u021bia, calitatea slab\u0103 a clasei politice \u0219i s\u0103r\u0103cia, a spus Intotero.<br \/>\n\u201eDintre ace\u0219tia, aproximativ 5.600.000 se afl\u0103 \u00een Diaspora, diferen\u021ba \u2013 \u00een comunit\u0103\u021bile istorice\u201d, precizeaz\u0103 Intotero.<br \/>\n\u201ePrincipala solicitare a rom\u00e2nilor din afar\u0103 este starea infrastructurii \u0219i c\u00e2nd m\u0103 refer la infrastructur\u0103, m\u0103 refer la drumuri, autostr\u0103zi, drumuri, jude\u021bene, comunale, spitale, investi\u021bia \u0219i existen\u021ba unor condi\u021bii decente \u00een s\u0103n\u0103tate \u0219i existen\u021ba \u0219colilor, toate aceste lucruri i-ar determina pe ei s\u0103 se \u00eentoarc\u0103 acas\u0103. (\u2026) Motivele cele mai des invocate c\u00e2nd vine vorba de Rom\u00e2nia sunt neajunsurile materiale cotidiene, veniturile mici, lipsa unui loc de munc\u0103 decent, stabilitatea, calitatea slab\u0103 a clasei politice de-a lungul timpului, corup\u021bia. Remedierea acestor motive ale plec\u0103rii lor ar constitui motivul principal pentru\u00a0a reveni. <em>Preluare de pe internet!<\/em><\/p>\n<p style=\"text-align: justify;\"><em>*Nedumerit, \u00eentreb:-.De ce, Rom\u00e2nie, de ce ?<\/em><\/p>\n<p style=\"text-align: justify;\"><em>*<\/em>Parafraz\u0103:<em>.-Nu am, Doamne, cu Tine nimic, dar cum ar fi ca Tu s\u0103 ai o mam\u0103-. \u0162AR\u0102 \u015fi mama Ta ar muri?<\/em><\/p>\n<p style=\"text-align: justify;\"><em>\u00censemn\u0103ri: Prof. Gh. C .Br.<\/em><\/p>\n","protected":false},"excerpt":{"rendered":"<p>*R\u0103spunz\u00e2nd unei post\u0103ri pe Facebook, scriam:<\/p>\n","protected":false},"author":2,"featured_media":0,"comment_status":"open","ping_status":"open","sticky":false,"template":"","format":"standard","meta":{"footnotes":""},"categories":[21],"tags":[],"class_list":["post-62732","post","type-post","status-publish","format-standard","hentry","category-opinia-mea"],"_links":{"self":[{"href":"https:\/\/www.giurgiuveanul.ro\/stiri\/wp-json\/wp\/v2\/posts\/62732","targetHints":{"allow":["GET"]}}],"collection":[{"href":"https:\/\/www.giurgiuveanul.ro\/stiri\/wp-json\/wp\/v2\/posts"}],"about":[{"href":"https:\/\/www.giurgiuveanul.ro\/stiri\/wp-json\/wp\/v2\/types\/post"}],"author":[{"embeddable":true,"href":"https:\/\/www.giurgiuveanul.ro\/stiri\/wp-json\/wp\/v2\/users\/2"}],"replies":[{"embeddable":true,"href":"https:\/\/www.giurgiuveanul.ro\/stiri\/wp-json\/wp\/v2\/comments?post=62732"}],"version-history":[{"count":0,"href":"https:\/\/www.giurgiuveanul.ro\/stiri\/wp-json\/wp\/v2\/posts\/62732\/revisions"}],"wp:attachment":[{"href":"https:\/\/www.giurgiuveanul.ro\/stiri\/wp-json\/wp\/v2\/media?parent=62732"}],"wp:term":[{"taxonomy":"category","embeddable":true,"href":"https:\/\/www.giurgiuveanul.ro\/stiri\/wp-json\/wp\/v2\/categories?post=62732"},{"taxonomy":"post_tag","embeddable":true,"href":"https:\/\/www.giurgiuveanul.ro\/stiri\/wp-json\/wp\/v2\/tags?post=62732"}],"curies":[{"name":"wp","href":"https:\/\/api.w.org\/{rel}","templated":true}]}}