{"id":62749,"date":"2019-09-12T17:29:52","date_gmt":"2019-09-12T14:29:52","guid":{"rendered":"https:\/\/www.giurgiuveanul.ro\/stiri\/?p=62749"},"modified":"2019-09-16T21:32:44","modified_gmt":"2019-09-16T18:32:44","slug":"scoala-din-clejani-vandalizata-faptasii-au-fost-prinsi-de-politisti-foto","status":"publish","type":"post","link":"https:\/\/www.giurgiuveanul.ro\/stiri\/scoala-din-clejani-vandalizata-faptasii-au-fost-prinsi-de-politisti-foto\/","title":{"rendered":"O \u015fcoal\u0103 din Clejani, vandalizat\u0103! \u201cF\u0103pta\u015fii\u201d au fost prin\u015fi de poli\u0163i\u015fti! (FOTO)"},"content":{"rendered":"<p><strong><a href=\"https:\/\/www.giurgiuveanul.ro\/stiri\/wp-content\/uploads\/2019\/09\/WhatsApp-Image-2019-09-11-at-19.25.22.jpeg\"><img loading=\"lazy\" decoding=\"async\" class=\"aligncenter size-large wp-image-62750\" src=\"https:\/\/www.giurgiuveanul.ro\/stiri\/wp-content\/uploads\/2019\/09\/WhatsApp-Image-2019-09-11-at-19.25.22-338x450.jpeg\" alt=\"WhatsApp Image 2019-09-11 at 19.25.22\" width=\"338\" height=\"450\" srcset=\"https:\/\/www.giurgiuveanul.ro\/stiri\/wp-content\/uploads\/2019\/09\/WhatsApp-Image-2019-09-11-at-19.25.22-338x450.jpeg 338w, https:\/\/www.giurgiuveanul.ro\/stiri\/wp-content\/uploads\/2019\/09\/WhatsApp-Image-2019-09-11-at-19.25.22-225x300.jpeg 225w, https:\/\/www.giurgiuveanul.ro\/stiri\/wp-content\/uploads\/2019\/09\/WhatsApp-Image-2019-09-11-at-19.25.22-400x533.jpeg 400w, https:\/\/www.giurgiuveanul.ro\/stiri\/wp-content\/uploads\/2019\/09\/WhatsApp-Image-2019-09-11-at-19.25.22.jpeg 1200w\" sizes=\"auto, (max-width: 338px) 100vw, 338px\" \/><\/a>S-a \u00eent\u00e2mplat la Clejani, \u00een jude\u021bul Giurgiu. Trei<!--more--> copii, cu v\u00e2rstele cuprinse \u00eentre 8-10 ani, profit\u00e2nd de neaten\u021bia personalului \u0219colii, au distrus, ieri, dup\u0103 &#8211; amiaz\u0103, mobilierul unei \u0219coli din localitate.<\/strong><\/p>\n<p>Ce trei au p\u0103truns pe unul dintre geamurile l\u0103sate deschise pentru ca \u0219coala s\u0103 se aeriseasc\u0103 \u0219i au distrus tot ce le-a ie\u015fit \u00een cale: mobilier \u0219colar, u\u0219i, materiale didactice, nimic nu a sc\u0103pat de furia minorilor, doi dintre ei elevi ai \u0219colii respective.<\/p>\n<p>A fost distrus inclusiv grupul sanitar, pele\u021bii de la centrala termic\u0103 iar spuma din extinctoare a fost \u00eempr\u0103\u0219tiat\u0103 pe holurile institu\u021biei.<\/p>\n<p>Pe tabl\u0103, elevii au scris mesaje denigratoare la adresa cadrelor didactice. Furia copiilor ar fi pornit, dup\u0103 cum au declarat, de la o juc\u0103rie care a \u00eenceput s\u0103 c\u00e2nte, iar ceea ce a urmat ar fi v\u0103zut \u00eentr-un joc pe calculator.<\/p>\n<p>Cinci clase ale \u0219colii respective au fost vandalizate, dar \u0219i cancelaria, grupul sanitar \u015fi centrala termic\u0103.<\/p>\n<p>Cei trei au fost g\u0103si\u0163i de femeia de serviciu, care a venit \u00een jurul orei 17.00 s\u0103 fac\u0103 cur\u0103\u021benie \u00een unitate \u0219colar\u0103.<\/p>\n<p>Femeia i-a g\u0103sit f\u0103c\u00e2nd du\u0219, pe doi dintre ei, unul dintre ace\u0219tia speriindu-se \u0219i fugind acas\u0103, unde, dup\u0103 ce s-a \u00eembr\u0103cat, a revenit \u0219i s-a coco\u021bat pe cl\u0103direa s\u0103lii de sport, de unde a urm\u0103rit activitatea poli\u021bi\u0219tilor.<\/p>\n<p>Poli\u021bi\u0219tii au deschis \u00een acest caz un dosar in rem pentru distrugere, \u00eens\u0103 cei trei elevi nu pot r\u0103spunde penal pentru fapta lor.<\/p>\n<p>Prim\u0103ria poate deschide un proces civil prin care s\u0103 solicite p\u0103rin\u021bilor s\u0103 achite prejudiciul cauzat de copiii lor.<\/p>\n<p><a href=\"https:\/\/www.giurgiuveanul.ro\/stiri\/wp-content\/uploads\/2019\/09\/WhatsApp-Image-2019-09-11-at-19.25.17.jpeg\"><img loading=\"lazy\" decoding=\"async\" class=\"aligncenter size-large wp-image-62751\" src=\"https:\/\/www.giurgiuveanul.ro\/stiri\/wp-content\/uploads\/2019\/09\/WhatsApp-Image-2019-09-11-at-19.25.17-338x450.jpeg\" alt=\"WhatsApp Image 2019-09-11 at 19.25.17\" width=\"338\" height=\"450\" srcset=\"https:\/\/www.giurgiuveanul.ro\/stiri\/wp-content\/uploads\/2019\/09\/WhatsApp-Image-2019-09-11-at-19.25.17-338x450.jpeg 338w, https:\/\/www.giurgiuveanul.ro\/stiri\/wp-content\/uploads\/2019\/09\/WhatsApp-Image-2019-09-11-at-19.25.17-225x300.jpeg 225w, https:\/\/www.giurgiuveanul.ro\/stiri\/wp-content\/uploads\/2019\/09\/WhatsApp-Image-2019-09-11-at-19.25.17-400x533.jpeg 400w, https:\/\/www.giurgiuveanul.ro\/stiri\/wp-content\/uploads\/2019\/09\/WhatsApp-Image-2019-09-11-at-19.25.17.jpeg 1200w\" sizes=\"auto, (max-width: 338px) 100vw, 338px\" \/><\/a><\/p>\n<p><a href=\"https:\/\/www.giurgiuveanul.ro\/stiri\/wp-content\/uploads\/2019\/09\/WhatsApp-Image-2019-09-11-at-19.25.181.jpeg\"><img loading=\"lazy\" decoding=\"async\" class=\"aligncenter size-large wp-image-62752\" src=\"https:\/\/www.giurgiuveanul.ro\/stiri\/wp-content\/uploads\/2019\/09\/WhatsApp-Image-2019-09-11-at-19.25.181-338x450.jpeg\" alt=\"WhatsApp Image 2019-09-11 at 19.25.18(1)\" width=\"338\" height=\"450\" srcset=\"https:\/\/www.giurgiuveanul.ro\/stiri\/wp-content\/uploads\/2019\/09\/WhatsApp-Image-2019-09-11-at-19.25.181-338x450.jpeg 338w, https:\/\/www.giurgiuveanul.ro\/stiri\/wp-content\/uploads\/2019\/09\/WhatsApp-Image-2019-09-11-at-19.25.181-225x300.jpeg 225w, https:\/\/www.giurgiuveanul.ro\/stiri\/wp-content\/uploads\/2019\/09\/WhatsApp-Image-2019-09-11-at-19.25.181-400x533.jpeg 400w, https:\/\/www.giurgiuveanul.ro\/stiri\/wp-content\/uploads\/2019\/09\/WhatsApp-Image-2019-09-11-at-19.25.181.jpeg 1200w\" sizes=\"auto, (max-width: 338px) 100vw, 338px\" \/><\/a><\/p>\n<p><a href=\"https:\/\/www.giurgiuveanul.ro\/stiri\/wp-content\/uploads\/2019\/09\/WhatsApp-Image-2019-09-11-at-19.25.18.jpeg\"><img loading=\"lazy\" decoding=\"async\" class=\"aligncenter size-large wp-image-62753\" src=\"https:\/\/www.giurgiuveanul.ro\/stiri\/wp-content\/uploads\/2019\/09\/WhatsApp-Image-2019-09-11-at-19.25.18-338x450.jpeg\" alt=\"WhatsApp Image 2019-09-11 at 19.25.18\" width=\"338\" height=\"450\" srcset=\"https:\/\/www.giurgiuveanul.ro\/stiri\/wp-content\/uploads\/2019\/09\/WhatsApp-Image-2019-09-11-at-19.25.18-338x450.jpeg 338w, https:\/\/www.giurgiuveanul.ro\/stiri\/wp-content\/uploads\/2019\/09\/WhatsApp-Image-2019-09-11-at-19.25.18-225x300.jpeg 225w, https:\/\/www.giurgiuveanul.ro\/stiri\/wp-content\/uploads\/2019\/09\/WhatsApp-Image-2019-09-11-at-19.25.18-400x533.jpeg 400w, https:\/\/www.giurgiuveanul.ro\/stiri\/wp-content\/uploads\/2019\/09\/WhatsApp-Image-2019-09-11-at-19.25.18.jpeg 1200w\" sizes=\"auto, (max-width: 338px) 100vw, 338px\" \/><\/a><\/p>\n<p><a href=\"https:\/\/www.giurgiuveanul.ro\/stiri\/wp-content\/uploads\/2019\/09\/WhatsApp-Image-2019-09-11-at-19.25.201.jpeg\"><img loading=\"lazy\" decoding=\"async\" class=\"aligncenter size-large wp-image-62754\" src=\"https:\/\/www.giurgiuveanul.ro\/stiri\/wp-content\/uploads\/2019\/09\/WhatsApp-Image-2019-09-11-at-19.25.201-338x450.jpeg\" alt=\"WhatsApp Image 2019-09-11 at 19.25.20(1)\" width=\"338\" height=\"450\" srcset=\"https:\/\/www.giurgiuveanul.ro\/stiri\/wp-content\/uploads\/2019\/09\/WhatsApp-Image-2019-09-11-at-19.25.201-338x450.jpeg 338w, https:\/\/www.giurgiuveanul.ro\/stiri\/wp-content\/uploads\/2019\/09\/WhatsApp-Image-2019-09-11-at-19.25.201-225x300.jpeg 225w, https:\/\/www.giurgiuveanul.ro\/stiri\/wp-content\/uploads\/2019\/09\/WhatsApp-Image-2019-09-11-at-19.25.201-400x533.jpeg 400w, https:\/\/www.giurgiuveanul.ro\/stiri\/wp-content\/uploads\/2019\/09\/WhatsApp-Image-2019-09-11-at-19.25.201.jpeg 1200w\" sizes=\"auto, (max-width: 338px) 100vw, 338px\" \/><\/a><\/p>\n<p><a href=\"https:\/\/www.giurgiuveanul.ro\/stiri\/wp-content\/uploads\/2019\/09\/WhatsApp-Image-2019-09-11-at-19.25.20.jpeg\"><img loading=\"lazy\" decoding=\"async\" class=\"aligncenter size-large wp-image-62755\" src=\"https:\/\/www.giurgiuveanul.ro\/stiri\/wp-content\/uploads\/2019\/09\/WhatsApp-Image-2019-09-11-at-19.25.20-338x450.jpeg\" alt=\"WhatsApp Image 2019-09-11 at 19.25.20\" width=\"338\" height=\"450\" srcset=\"https:\/\/www.giurgiuveanul.ro\/stiri\/wp-content\/uploads\/2019\/09\/WhatsApp-Image-2019-09-11-at-19.25.20-338x450.jpeg 338w, https:\/\/www.giurgiuveanul.ro\/stiri\/wp-content\/uploads\/2019\/09\/WhatsApp-Image-2019-09-11-at-19.25.20-225x300.jpeg 225w, https:\/\/www.giurgiuveanul.ro\/stiri\/wp-content\/uploads\/2019\/09\/WhatsApp-Image-2019-09-11-at-19.25.20-400x533.jpeg 400w, https:\/\/www.giurgiuveanul.ro\/stiri\/wp-content\/uploads\/2019\/09\/WhatsApp-Image-2019-09-11-at-19.25.20.jpeg 1200w\" sizes=\"auto, (max-width: 338px) 100vw, 338px\" \/><\/a><\/p>\n<p><a href=\"https:\/\/www.giurgiuveanul.ro\/stiri\/wp-content\/uploads\/2019\/09\/WhatsApp-Image-2019-09-11-at-19.25.21.jpeg\"><img loading=\"lazy\" decoding=\"async\" class=\"aligncenter size-large wp-image-62756\" src=\"https:\/\/www.giurgiuveanul.ro\/stiri\/wp-content\/uploads\/2019\/09\/WhatsApp-Image-2019-09-11-at-19.25.21-338x450.jpeg\" alt=\"WhatsApp Image 2019-09-11 at 19.25.21\" width=\"338\" height=\"450\" srcset=\"https:\/\/www.giurgiuveanul.ro\/stiri\/wp-content\/uploads\/2019\/09\/WhatsApp-Image-2019-09-11-at-19.25.21-338x450.jpeg 338w, https:\/\/www.giurgiuveanul.ro\/stiri\/wp-content\/uploads\/2019\/09\/WhatsApp-Image-2019-09-11-at-19.25.21-225x300.jpeg 225w, https:\/\/www.giurgiuveanul.ro\/stiri\/wp-content\/uploads\/2019\/09\/WhatsApp-Image-2019-09-11-at-19.25.21-400x533.jpeg 400w, https:\/\/www.giurgiuveanul.ro\/stiri\/wp-content\/uploads\/2019\/09\/WhatsApp-Image-2019-09-11-at-19.25.21.jpeg 1200w\" sizes=\"auto, (max-width: 338px) 100vw, 338px\" \/><\/a><\/p>\n<p><a href=\"https:\/\/www.giurgiuveanul.ro\/stiri\/wp-content\/uploads\/2019\/09\/WhatsApp-Image-2019-09-11-at-19.25.221.jpeg\"><img loading=\"lazy\" decoding=\"async\" class=\"aligncenter size-large wp-image-62757\" src=\"https:\/\/www.giurgiuveanul.ro\/stiri\/wp-content\/uploads\/2019\/09\/WhatsApp-Image-2019-09-11-at-19.25.221-338x450.jpeg\" alt=\"WhatsApp Image 2019-09-11 at 19.25.22(1)\" width=\"338\" height=\"450\" srcset=\"https:\/\/www.giurgiuveanul.ro\/stiri\/wp-content\/uploads\/2019\/09\/WhatsApp-Image-2019-09-11-at-19.25.221-338x450.jpeg 338w, https:\/\/www.giurgiuveanul.ro\/stiri\/wp-content\/uploads\/2019\/09\/WhatsApp-Image-2019-09-11-at-19.25.221-225x300.jpeg 225w, https:\/\/www.giurgiuveanul.ro\/stiri\/wp-content\/uploads\/2019\/09\/WhatsApp-Image-2019-09-11-at-19.25.221-400x533.jpeg 400w, https:\/\/www.giurgiuveanul.ro\/stiri\/wp-content\/uploads\/2019\/09\/WhatsApp-Image-2019-09-11-at-19.25.221.jpeg 1200w\" sizes=\"auto, (max-width: 338px) 100vw, 338px\" \/><\/a><\/p>\n","protected":false},"excerpt":{"rendered":"<p>S-a \u00eent\u00e2mplat la Clejani, \u00een jude\u021bul Giurgiu. Trei<\/p>\n","protected":false},"author":2,"featured_media":0,"comment_status":"open","ping_status":"open","sticky":false,"template":"","format":"standard","meta":{"footnotes":""},"categories":[6],"tags":[],"class_list":["post-62749","post","type-post","status-publish","format-standard","hentry","category-breaking-news"],"_links":{"self":[{"href":"https:\/\/www.giurgiuveanul.ro\/stiri\/wp-json\/wp\/v2\/posts\/62749","targetHints":{"allow":["GET"]}}],"collection":[{"href":"https:\/\/www.giurgiuveanul.ro\/stiri\/wp-json\/wp\/v2\/posts"}],"about":[{"href":"https:\/\/www.giurgiuveanul.ro\/stiri\/wp-json\/wp\/v2\/types\/post"}],"author":[{"embeddable":true,"href":"https:\/\/www.giurgiuveanul.ro\/stiri\/wp-json\/wp\/v2\/users\/2"}],"replies":[{"embeddable":true,"href":"https:\/\/www.giurgiuveanul.ro\/stiri\/wp-json\/wp\/v2\/comments?post=62749"}],"version-history":[{"count":0,"href":"https:\/\/www.giurgiuveanul.ro\/stiri\/wp-json\/wp\/v2\/posts\/62749\/revisions"}],"wp:attachment":[{"href":"https:\/\/www.giurgiuveanul.ro\/stiri\/wp-json\/wp\/v2\/media?parent=62749"}],"wp:term":[{"taxonomy":"category","embeddable":true,"href":"https:\/\/www.giurgiuveanul.ro\/stiri\/wp-json\/wp\/v2\/categories?post=62749"},{"taxonomy":"post_tag","embeddable":true,"href":"https:\/\/www.giurgiuveanul.ro\/stiri\/wp-json\/wp\/v2\/tags?post=62749"}],"curies":[{"name":"wp","href":"https:\/\/api.w.org\/{rel}","templated":true}]}}