{"id":62811,"date":"2019-09-15T19:25:26","date_gmt":"2019-09-15T16:25:26","guid":{"rendered":"https:\/\/www.giurgiuveanul.ro\/stiri\/?p=62811"},"modified":"2019-09-15T19:26:33","modified_gmt":"2019-09-15T16:26:33","slug":"inchisoare-pana-la-sapte-ani-pentru-cei-care-nu-si-platesc-obligatiile-la-stat","status":"publish","type":"post","link":"https:\/\/www.giurgiuveanul.ro\/stiri\/inchisoare-pana-la-sapte-ani-pentru-cei-care-nu-si-platesc-obligatiile-la-stat\/","title":{"rendered":"\u00cenchisoare p\u00e2n\u0103 la \u015fapte ani&#8230; pentru cei care nu-\u015fi pl\u0103tesc obliga\u0163iile la stat!"},"content":{"rendered":"<p style=\"text-align: justify;\"><strong><a href=\"https:\/\/www.giurgiuveanul.ro\/stiri\/wp-content\/uploads\/2019\/09\/Inca-o-moarte-dupa-gratii-un-detinut-a-fost-gasit-fara-suflare-la-penitenciarul-de-la-cricova-42070.jpg\"><img loading=\"lazy\" decoding=\"async\" class=\"aligncenter size-large wp-image-62814\" src=\"https:\/\/www.giurgiuveanul.ro\/stiri\/wp-content\/uploads\/2019\/09\/Inca-o-moarte-dupa-gratii-un-detinut-a-fost-gasit-fara-suflare-la-penitenciarul-de-la-cricova-42070-560x315.jpg\" alt=\"Inca-o-moarte-dupa-gratii--un-detinut-a-fost-gasit-fara-suflare-la-penitenciarul-de-la-cricova-42070\" width=\"560\" height=\"315\" srcset=\"https:\/\/www.giurgiuveanul.ro\/stiri\/wp-content\/uploads\/2019\/09\/Inca-o-moarte-dupa-gratii-un-detinut-a-fost-gasit-fara-suflare-la-penitenciarul-de-la-cricova-42070-560x315.jpg 560w, https:\/\/www.giurgiuveanul.ro\/stiri\/wp-content\/uploads\/2019\/09\/Inca-o-moarte-dupa-gratii-un-detinut-a-fost-gasit-fara-suflare-la-penitenciarul-de-la-cricova-42070-250x141.jpg 250w, https:\/\/www.giurgiuveanul.ro\/stiri\/wp-content\/uploads\/2019\/09\/Inca-o-moarte-dupa-gratii-un-detinut-a-fost-gasit-fara-suflare-la-penitenciarul-de-la-cricova-42070-400x225.jpg 400w, https:\/\/www.giurgiuveanul.ro\/stiri\/wp-content\/uploads\/2019\/09\/Inca-o-moarte-dupa-gratii-un-detinut-a-fost-gasit-fara-suflare-la-penitenciarul-de-la-cricova-42070.jpg 1200w\" sizes=\"auto, (max-width: 560px) 100vw, 560px\" \/><\/a>Ministrul<!--more--> Finan\u0163elor, Eugen Teodorovici, a depus la Senat un proiect de act normativ care propune pedeapsa cu \u00eenchisoarea pentru datornici, at\u00e2t persoane fizice, c\u00e2t \u015fi juridice, relateaz\u0103\u00a0<a title=\"Adevaul\" href=\"https:\/\/adevarul.ro\/economie\/stiri-economice\/Inchisoare-datornici-teodorovici-propune-pedeapsa-7-ani-1_5d7dd2bf892c0bb0c69c1336\/index.html\" target=\"_blank\">Adev\u0103rul<\/a>. Interesant este c\u0103 acest proiect care prevede \u00eenchisoare \u00eentre 1 \u015fi 6 ani pentru cei ce nu \u00ee\u015fi pl\u0103tesc impozitele \u015fi\/sau contribu\u0163iile vine la nici dou\u0103 luni dup\u0103 ce guvernul PSD al lui Teodorovici a adoptat celebra amnistie fiscal\u0103, act normativ despre care presa a scris c\u0103 folose\u015fte unor personaje precum Robert Negoi\u0163\u0103, dator la stat cu zeci de milioane de euro.<\/strong><\/p>\n<p style=\"text-align: justify;\"><em>\u201eConstituie infrac\u0163iune \u015fi se pedepse\u015fte cu \u00eenchisoare de la 1 an la 6 ani re\u0163inerea \u015fi neplata, \u00eencasarea \u015fi neplata, ori, dup\u0103 caz, nere\u0163inerea sau ne\u00eencasarea, \u00een cel mult 30 zile de la termenul scadent prev\u0103zut de lege, a impozitelor \u015fi\/sau contribu\u0163iilor prev\u0103zute \u00een anexa la prezenta lege\u201d<\/em>, se arat\u0103 \u00een documentul depus vineri la Senat.<\/p>\n<p style=\"text-align: justify;\">Taxele \u015fi impozitele pentru neplata c\u0103rora se propune pedeaps\u0103 cu \u00eenchisoarea, sunt:<\/p>\n<p style=\"text-align: justify;\">&#8211; Impozitul pe dividende.<\/p>\n<p style=\"text-align: justify;\">&#8211; Impozitul pentru veniturile din activit\u0103\u0163i independente.<\/p>\n<p style=\"text-align: justify;\">&#8211; Impozitul pe veniturile din drepturile de proprietate intelectual\u0103;<\/p>\n<p style=\"text-align: justify;\">&#8211; Impozit pe venitul din salarii \u015fi asimilate salariilor;<\/p>\n<p style=\"text-align: justify;\">&#8211; Impozitul pe veniturile din arend\u0103;<\/p>\n<p style=\"text-align: justify;\">&#8211; Impozitul pe veniturile sub form\u0103 de dob\u00e2nzi;<\/p>\n<p style=\"text-align: justify;\">&#8211; Impozit pe veniturile sub form\u0103 de dividende.<\/p>\n<p style=\"text-align: justify;\">&#8211; Impozitul pe veniturile impozabile ob\u0163inute din lichidarea unei persoane juridice sau din reducerea capitalului.<\/p>\n<p style=\"text-align: justify;\">&#8211; Impozitul pe veniturile din pensii.<\/p>\n<p style=\"text-align: justify;\">&#8211; Impozit pe veniturile din premii \u015fi jocuri de noroc.<\/p>\n<p style=\"text-align: justify;\">&#8211; Impozit pe veniturile din alte surse.<\/p>\n<p style=\"text-align: justify;\">&#8211; Impozitul pe veniturile ob\u0163inute de o persoan\u0103 fizic\u0103 dintr-o asociere \u00eentre o persoan\u0103 fizic\u0103 \u015fi o persoan\u0103 juridic\u0103, contribuabil potrivit titlului II \u015fi III din Codul fiscal.<\/p>\n<p style=\"text-align: justify;\">&#8211; Contribu\u0163ia de asigur\u0103ri sociale.<\/p>\n<p style=\"text-align: justify;\">&#8211; Contribu\u0163ia de asigur\u0103ri sociale de s\u0103n\u0103tate.<\/p>\n<p style=\"text-align: justify;\">&#8211; Impozitul pe veniturile ob\u0163inute din Rom\u00e2nia de nereziden\u0163i.<\/p>\n<p style=\"text-align: justify;\">&#8211; Impozit datorat pe venitul din transferul propriet\u0103\u0163ilor imobiliare din patrimoniul personal.<\/p>\n<p style=\"text-align: justify;\">&#8211; Contribu\u0163ia la Fondul pentru mediu.<\/p>\n<p style=\"text-align: justify;\">Teodorovici propune \u015fi pedepsirea tentativei, precum \u015fi ascunderea unor bunuri \u00een scopul sustragerii de la plata taxelor.<\/p>\n<p style=\"text-align: justify;\">Astfel, potrivit art. 9 al proiectului, constituie infrac\u0163iuni de evaziune fiscal\u0103 \u015fi se pedepsesc cu \u00eenchisoare de la 2 ani la 7 ani \u015fi interzicerea unor drepturi urm\u0103toarele fapte s\u0103v\u00e2r\u015fite \u00een scopul sustragerii de la \u00eendeplinirea obliga\u0163iilor fiscale:<\/p>\n<p style=\"text-align: justify;\">a) ascunderea bunului ori a sursei impozabile sau taxabile;<\/p>\n<p style=\"text-align: justify;\">b) omisiunea, \u00een tot sau \u00een parte, a eviden\u0163ierii, \u00een actele contabile ori \u00een alte documente legale, a opera\u0163iunilor comerciale efectuate sau a veniturilor realizate;<\/p>\n<p style=\"text-align: justify;\">c) eviden\u0163ierea, \u00een actele contabile sau \u00een alte documente legale, a cheltuielilor care nu au la baz\u0103 opera\u0163iuni reale ori eviden\u0163ierea altor opera\u0163iuni fictive;<\/p>\n<p style=\"text-align: justify;\">d) alterarea, distrugerea sau ascunderea de acte contabile, memorii ale aparatelor de taxat ori de marcat electronice fiscale sau de alte mijloace de stocare a datelor;<\/p>\n<p style=\"text-align: justify;\">e) executarea de eviden\u0163e contabile duble, folosindu-se \u00eenscrisuri sau alte mijloace de stocare a datelor;<\/p>\n<p style=\"text-align: justify;\">f) sustragerea de la efectuarea verific\u0103rilor financiare, fiscale sau vamale, prin nedeclararea, declararea fictiv\u0103 ori declararea inexact\u0103 cu privire la sediile principale sau secundare ale persoanelor verificate;<\/p>\n<p style=\"text-align: justify;\">g) substituirea, degradarea sau \u00eenstr\u0103inarea de c\u0103tre debitor ori de c\u0103tre ter\u0163e persoane a bunurilor sechestrate \u00een conformitate cu prevederile Codului de procedur\u0103 fiscal\u0103 sau ale Codului de procedur\u0103 penal\u0103.<\/p>\n<p style=\"text-align: justify;\">Dac\u0103 prin faptele enumerate mai sus s-a produs un prejudiciu mai mare de 100.000 euro, \u00een echivalentul monedei na\u0163ionale, limitele speciale ale pedepsei prev\u0103zute de lege se majoreaz\u0103 cu o treime.<\/p>\n<p style=\"text-align: justify;\">Dac\u0103 prin faptele sus-amintite s-a produs un prejudiciu mai mare de 500.000 euro, \u00een echivalentul monedei na\u0163ionale, limitele speciale ale pedepsei prev\u0103zute de lege se majoreaz\u0103 cu jum\u0103tate.<\/p>\n","protected":false},"excerpt":{"rendered":"<p>Ministrul<\/p>\n","protected":false},"author":1,"featured_media":0,"comment_status":"open","ping_status":"open","sticky":false,"template":"","format":"standard","meta":{"footnotes":""},"categories":[6],"tags":[],"class_list":["post-62811","post","type-post","status-publish","format-standard","hentry","category-breaking-news"],"_links":{"self":[{"href":"https:\/\/www.giurgiuveanul.ro\/stiri\/wp-json\/wp\/v2\/posts\/62811","targetHints":{"allow":["GET"]}}],"collection":[{"href":"https:\/\/www.giurgiuveanul.ro\/stiri\/wp-json\/wp\/v2\/posts"}],"about":[{"href":"https:\/\/www.giurgiuveanul.ro\/stiri\/wp-json\/wp\/v2\/types\/post"}],"author":[{"embeddable":true,"href":"https:\/\/www.giurgiuveanul.ro\/stiri\/wp-json\/wp\/v2\/users\/1"}],"replies":[{"embeddable":true,"href":"https:\/\/www.giurgiuveanul.ro\/stiri\/wp-json\/wp\/v2\/comments?post=62811"}],"version-history":[{"count":0,"href":"https:\/\/www.giurgiuveanul.ro\/stiri\/wp-json\/wp\/v2\/posts\/62811\/revisions"}],"wp:attachment":[{"href":"https:\/\/www.giurgiuveanul.ro\/stiri\/wp-json\/wp\/v2\/media?parent=62811"}],"wp:term":[{"taxonomy":"category","embeddable":true,"href":"https:\/\/www.giurgiuveanul.ro\/stiri\/wp-json\/wp\/v2\/categories?post=62811"},{"taxonomy":"post_tag","embeddable":true,"href":"https:\/\/www.giurgiuveanul.ro\/stiri\/wp-json\/wp\/v2\/tags?post=62811"}],"curies":[{"name":"wp","href":"https:\/\/api.w.org\/{rel}","templated":true}]}}