{"id":62817,"date":"2019-09-15T19:49:48","date_gmt":"2019-09-15T16:49:48","guid":{"rendered":"https:\/\/www.giurgiuveanul.ro\/stiri\/?p=62817"},"modified":"2019-09-15T19:49:48","modified_gmt":"2019-09-15T16:49:48","slug":"somerii-care-isi-gasesc-de-lucru-vor-primi-bani-de-la-stat-cat-vor-primi-in-decursul-unui","status":"publish","type":"post","link":"https:\/\/www.giurgiuveanul.ro\/stiri\/somerii-care-isi-gasesc-de-lucru-vor-primi-bani-de-la-stat-cat-vor-primi-in-decursul-unui\/","title":{"rendered":"\u015eomerii care \u00ee\u0219i g\u0103sesc de lucru vor primi bani de la stat. C\u00e2t vor primi \u00een decursul unui an"},"content":{"rendered":"<p style=\"text-align: justify;\"><strong><a href=\"https:\/\/www.giurgiuveanul.ro\/stiri\/wp-content\/uploads\/2019\/09\/img-1.jpg\"><img loading=\"lazy\" decoding=\"async\" class=\"aligncenter size-large wp-image-62818\" src=\"https:\/\/www.giurgiuveanul.ro\/stiri\/wp-content\/uploads\/2019\/09\/img-1-560x313.jpg\" alt=\"img (1)\" width=\"560\" height=\"313\" srcset=\"https:\/\/www.giurgiuveanul.ro\/stiri\/wp-content\/uploads\/2019\/09\/img-1-560x313.jpg 560w, https:\/\/www.giurgiuveanul.ro\/stiri\/wp-content\/uploads\/2019\/09\/img-1-250x140.jpg 250w, https:\/\/www.giurgiuveanul.ro\/stiri\/wp-content\/uploads\/2019\/09\/img-1-400x224.jpg 400w, https:\/\/www.giurgiuveanul.ro\/stiri\/wp-content\/uploads\/2019\/09\/img-1.jpg 800w\" sizes=\"auto, (max-width: 560px) 100vw, 560px\" \/><\/a>Pentru<!--more--> \u00eencurajarea absolven\u021bilor \u0219i \u0219omerilor s\u0103 \u00ee\u0219i g\u0103seasc\u0103 un loc de munc\u0103, Agen\u021bia Na\u021bional\u0103 pentru Ocuparea For\u021bei de Munc\u0103 a luat o serie de m\u0103suri, printre care se num\u0103r\u0103 cea a acord\u0103rii unor sume de bani celor care se angajeaz\u0103.<\/strong><\/p>\n<p style=\"text-align: justify;\">Pe fondul unei acute lipse a for\u021bei de munc\u0103, ANOFM \u00eencearc\u0103 s\u0103 \u00eei \u00eencurajeze pe absolven\u021bi \u0219i \u0219omeri s\u0103 \u00ee\u0219i g\u0103seasc\u0103 un loc de munc\u0103. Printre m\u0103surile luate se num\u0103r\u0103 \u0219i acordarea unor sume de bani pentru cei care se \u00eencadreaz\u0103 at\u00e2t \u00een \u021bar\u0103 c\u00e2t \u0219i \u00een alt stat membru al UE.<\/p>\n<p style=\"text-align: justify;\">Astfel, ANOFM va acorda \u0219omerilor care \u00ee\u0219i g\u0103sesc de munc\u0103 prime de insertie, prime de activare, prime de instalare \u0219i prim\u0103 de \u00eencadrare. Ace\u0219tia pot ob\u021bine 15.000 de lei \u0219i 55 de lei\/zi.<\/p>\n<p style=\"text-align: justify;\">\u00cen urma unui act normativ prezentat de ANOFM: <em>\u201e\u0219omerii \u00eenregistra\u0163i la agen\u0163iile pentru ocuparea for\u0163ei de munc\u0103, de cel pu\u0163in 30 de zile, care nu beneficiaz\u0103 de indemniza\u0163ie de \u015fomaj, \u00een situa\u0163ia \u00een care se angajeaz\u0103 cu norm\u0103 \u00eentreag\u0103, pentru o perioad\u0103 mai mare de 3 luni, ulterior datei \u00eenregistr\u0103rii la agen\u0163iile pentru ocuparea for\u0163ei de munc\u0103, beneficiaz\u0103 de o prim\u0103 de activare \u00een valoare de 1.000 lei, neimpozabil\u0103<\/em>\u201d.<\/p>\n<p style=\"text-align: justify;\">Prima de activare nu se cumuleaz\u0103 cu prima de inser\u021bie (1.500 lei) \u0219i nici cu prima de instalare (12.500 lei) \u0219i se acord\u0103 \u00een dou\u0103 tran\u0219e. Prima tran\u015f\u0103 de 500 de lei, la data angaj\u0103rii, urmat\u0103 de o a doua de 500 de lei, dup\u0103 expirarea perioadei de trei luni de la angajare.<\/p>\n<p style=\"text-align: justify;\">Prima de instalare \u00een valoare de 12.500 de lei poate fi primit\u0103 de \u0219omerii \u00eenregistra\u021bi la agen\u021biile de ocupare a for\u021bei de munc\u0103 \u0219i care se \u00eencadreaz\u0103 pentru cel pu\u021bin 12 luni \u00eentr-o localitate aflat\u0103 la mai mult de 50 de km de localitatea \u00een care are domiciliul.<\/p>\n<p style=\"text-align: justify;\">Prim\u0103 de instalare pot primi \u0219i cei care se angajeaza \u00eentr-un alt stat membru UE sau al Spatiului Economic European pentru cel pu\u021bin 36 de luni, \u00een acest caz valoarea primei cre\u0219te la 15.500 de lei.<\/p>\n<p style=\"text-align: justify;\">Prima de \u00eencadrare se acord\u0103 pentru pesoanele \u00eenregistrate la agen\u021biile pentru ocuprarea for\u021bei de munc\u0103 ce se angajeaz\u0103 cu norm\u0103 \u00eentreag\u0103 pentru cel pu\u021bin 12 luni, \u00eentr-o alt\u0103 localitate dec\u00e2t cea \u00een care \u00ee\u0219i are domiciliul, la o distan\u021b\u0103 de cel pu\u021bin 15 km.<\/p>\n<p style=\"text-align: justify;\">Prima de \u00eencadrare poate ajunge p\u00e2n\u0103 la maximum 55 de lei\/zi. Suma se calculeaz\u0103 pe kilometru \u0219i propor\u021bional cu num\u0103rul zilelor muncite.<\/p>\n<p style=\"text-align: justify;\">Aceast\u0103 sum\u0103 se poate acorda numai pe o perioad\u0103 de 12 luni.<\/p>\n","protected":false},"excerpt":{"rendered":"<p>Pentru<\/p>\n","protected":false},"author":1,"featured_media":0,"comment_status":"open","ping_status":"open","sticky":false,"template":"","format":"standard","meta":{"footnotes":""},"categories":[6],"tags":[],"class_list":["post-62817","post","type-post","status-publish","format-standard","hentry","category-breaking-news"],"_links":{"self":[{"href":"https:\/\/www.giurgiuveanul.ro\/stiri\/wp-json\/wp\/v2\/posts\/62817","targetHints":{"allow":["GET"]}}],"collection":[{"href":"https:\/\/www.giurgiuveanul.ro\/stiri\/wp-json\/wp\/v2\/posts"}],"about":[{"href":"https:\/\/www.giurgiuveanul.ro\/stiri\/wp-json\/wp\/v2\/types\/post"}],"author":[{"embeddable":true,"href":"https:\/\/www.giurgiuveanul.ro\/stiri\/wp-json\/wp\/v2\/users\/1"}],"replies":[{"embeddable":true,"href":"https:\/\/www.giurgiuveanul.ro\/stiri\/wp-json\/wp\/v2\/comments?post=62817"}],"version-history":[{"count":0,"href":"https:\/\/www.giurgiuveanul.ro\/stiri\/wp-json\/wp\/v2\/posts\/62817\/revisions"}],"wp:attachment":[{"href":"https:\/\/www.giurgiuveanul.ro\/stiri\/wp-json\/wp\/v2\/media?parent=62817"}],"wp:term":[{"taxonomy":"category","embeddable":true,"href":"https:\/\/www.giurgiuveanul.ro\/stiri\/wp-json\/wp\/v2\/categories?post=62817"},{"taxonomy":"post_tag","embeddable":true,"href":"https:\/\/www.giurgiuveanul.ro\/stiri\/wp-json\/wp\/v2\/tags?post=62817"}],"curies":[{"name":"wp","href":"https:\/\/api.w.org\/{rel}","templated":true}]}}