{"id":62820,"date":"2019-09-16T08:54:13","date_gmt":"2019-09-16T05:54:13","guid":{"rendered":"https:\/\/www.giurgiuveanul.ro\/stiri\/?p=62820"},"modified":"2019-09-16T08:54:13","modified_gmt":"2019-09-16T05:54:13","slug":"giurgiuvean-arestat-pentru-furt-calificat","status":"publish","type":"post","link":"https:\/\/www.giurgiuveanul.ro\/stiri\/giurgiuvean-arestat-pentru-furt-calificat\/","title":{"rendered":"Giurgiuvean arestat pentru furt calificat"},"content":{"rendered":"<p style=\"text-align: justify;\"><strong><a href=\"https:\/\/www.giurgiuveanul.ro\/stiri\/wp-content\/uploads\/2019\/09\/3062471.jpg\"><img loading=\"lazy\" decoding=\"async\" class=\"aligncenter size-large wp-image-62821\" src=\"https:\/\/www.giurgiuveanul.ro\/stiri\/wp-content\/uploads\/2019\/09\/3062471-560x322.jpg\" alt=\"3062471\" width=\"560\" height=\"322\" srcset=\"https:\/\/www.giurgiuveanul.ro\/stiri\/wp-content\/uploads\/2019\/09\/3062471-560x322.jpg 560w, https:\/\/www.giurgiuveanul.ro\/stiri\/wp-content\/uploads\/2019\/09\/3062471-250x144.jpg 250w, https:\/\/www.giurgiuveanul.ro\/stiri\/wp-content\/uploads\/2019\/09\/3062471-400x230.jpg 400w, https:\/\/www.giurgiuveanul.ro\/stiri\/wp-content\/uploads\/2019\/09\/3062471.jpg 660w\" sizes=\"auto, (max-width: 560px) 100vw, 560px\" \/><\/a>Un giurgiuvean, de<!--more--> 50 de ani, din comuna Fr\u0103te\u0219ti, a fost arestat preventiv pentru o perioad\u0103 de 30 de zile, fiind b\u0103nuit de poli\u021bi\u0219ti c\u0103 \u00een perioada iulie \u2013 septembrie a.c. a sustras un motor de barc\u0103 \u0219i mai multe biciclete de pe raza municipiului Giurgiu.<\/strong><\/p>\n<p style=\"text-align: justify;\">Astfel, \u00een data de 4.09.2019, poli\u021bi\u0219tii din cadrul Poli\u021biei Municipiului Giurgiu au fost sesiza\u021bi de un t\u00e2n\u0103r, de 31 ani, cu privire la faptul c\u0103 i-a fost sustras un motor de barc\u0103 din portbagajul autoturismului proprietate personal\u0103 care se afla parcat \u00een curtea unui service din municipiul Giurgiu.<\/p>\n<p style=\"text-align: justify;\">\u00cen urma activit\u0103\u021bilor desf\u0103\u0219urate de poli\u021bi\u0219tii Biroului de Investiga\u021bii Criminale, cu sprijinul Sec\u021biei nr. 5 de Poli\u021bie Rural\u0103 Giurgiu, a fost identificat\u0103 persoana b\u0103nuit\u0103 de comiterea furtului, un b\u0103rbat, de 50 de ani, din comuna Fr\u0103te\u0219ti, reu\u0219indu-se recuperarea prejudiciului.<\/p>\n<p style=\"text-align: justify;\">Cu ocazia activit\u0103\u021bilor investigative a reie\u0219it faptul c\u0103 b\u0103rbatul, infractor recidivist, b\u0103nuit \u0219i de comiterea altor furturi, \u00een perioada iulie \u2013 august a.c. a mai sustras dou\u0103 biciclete de pe raza\u00a0 municipiului Giurgiu.<\/p>\n<p style=\"text-align: justify;\">B\u0103rbatul a fost re\u021binut de poli\u021bi\u0219ti pentru 24 de ore iar ulterior a fost prezentat instan\u021bei, pe numele acestuia fiind emis mandat de arestare preventiv\u0103 pentru o perioad\u0103 de 30 de zile, sub aspectul s\u0103v\u00e2r\u0219irii infrac\u021biunii de furt calificat.<\/p>\n","protected":false},"excerpt":{"rendered":"<p>Un giurgiuvean, de<\/p>\n","protected":false},"author":1,"featured_media":0,"comment_status":"open","ping_status":"open","sticky":false,"template":"","format":"standard","meta":{"footnotes":""},"categories":[6],"tags":[],"class_list":["post-62820","post","type-post","status-publish","format-standard","hentry","category-breaking-news"],"_links":{"self":[{"href":"https:\/\/www.giurgiuveanul.ro\/stiri\/wp-json\/wp\/v2\/posts\/62820","targetHints":{"allow":["GET"]}}],"collection":[{"href":"https:\/\/www.giurgiuveanul.ro\/stiri\/wp-json\/wp\/v2\/posts"}],"about":[{"href":"https:\/\/www.giurgiuveanul.ro\/stiri\/wp-json\/wp\/v2\/types\/post"}],"author":[{"embeddable":true,"href":"https:\/\/www.giurgiuveanul.ro\/stiri\/wp-json\/wp\/v2\/users\/1"}],"replies":[{"embeddable":true,"href":"https:\/\/www.giurgiuveanul.ro\/stiri\/wp-json\/wp\/v2\/comments?post=62820"}],"version-history":[{"count":0,"href":"https:\/\/www.giurgiuveanul.ro\/stiri\/wp-json\/wp\/v2\/posts\/62820\/revisions"}],"wp:attachment":[{"href":"https:\/\/www.giurgiuveanul.ro\/stiri\/wp-json\/wp\/v2\/media?parent=62820"}],"wp:term":[{"taxonomy":"category","embeddable":true,"href":"https:\/\/www.giurgiuveanul.ro\/stiri\/wp-json\/wp\/v2\/categories?post=62820"},{"taxonomy":"post_tag","embeddable":true,"href":"https:\/\/www.giurgiuveanul.ro\/stiri\/wp-json\/wp\/v2\/tags?post=62820"}],"curies":[{"name":"wp","href":"https:\/\/api.w.org\/{rel}","templated":true}]}}