{"id":62841,"date":"2019-09-16T10:34:02","date_gmt":"2019-09-16T07:34:02","guid":{"rendered":"https:\/\/www.giurgiuveanul.ro\/stiri\/?p=62841"},"modified":"2019-09-16T10:34:40","modified_gmt":"2019-09-16T07:34:40","slug":"jandarm-giurgiuvean-la-campionatul-european-de-tenis-de-masa","status":"publish","type":"post","link":"https:\/\/www.giurgiuveanul.ro\/stiri\/jandarm-giurgiuvean-la-campionatul-european-de-tenis-de-masa\/","title":{"rendered":"Jandarm giurgiuvean, la Campionatul European de tenis de mas\u0103"},"content":{"rendered":"<p style=\"text-align: justify;\"><strong><a href=\"https:\/\/www.giurgiuveanul.ro\/stiri\/wp-content\/uploads\/2019\/09\/Doncea-Catalin.jpg\"><img loading=\"lazy\" decoding=\"async\" class=\"aligncenter size-large wp-image-62842\" src=\"https:\/\/www.giurgiuveanul.ro\/stiri\/wp-content\/uploads\/2019\/09\/Doncea-Catalin-286x450.jpg\" alt=\"Doncea Catalin\" width=\"286\" height=\"450\" srcset=\"https:\/\/www.giurgiuveanul.ro\/stiri\/wp-content\/uploads\/2019\/09\/Doncea-Catalin-286x450.jpg 286w, https:\/\/www.giurgiuveanul.ro\/stiri\/wp-content\/uploads\/2019\/09\/Doncea-Catalin-191x300.jpg 191w, https:\/\/www.giurgiuveanul.ro\/stiri\/wp-content\/uploads\/2019\/09\/Doncea-Catalin-382x600.jpg 382w, https:\/\/www.giurgiuveanul.ro\/stiri\/wp-content\/uploads\/2019\/09\/Doncea-Catalin.jpg 611w\" sizes=\"auto, (max-width: 286px) 100vw, 286px\" \/><\/a>Plutonierul adjutant<!--more--> C\u0103t\u0103lin Doncea va reprezenta Ministerul Afacerilor Interne \u0219i Jandarmeria Rom\u00e2n\u0103 la Campionatul European de Tenis de Mas\u0103 al Poli\u021bi\u0219tilor. <\/strong><\/p>\n<p style=\"text-align: justify;\">Cea de-a VIII-a edi\u021bie a competi\u021biei se va desf\u0103\u0219ura \u00een perioada 19-23 septembrie a.c. \u00een Slovacia, la Bratislava. Jandarmul giurgiuvean a fost selec\u021bionat \u00een lotul Rom\u00e2niei \u00een urma rezultatelor deosebite ob\u021binute la concursurile interne \u0219i interna\u021bionale la care a participat \u00een ultimii ani.<\/p>\n<p style=\"text-align: justify;\">Al\u0103turi de acesta, din delega\u021bia ministerului mai fac parte al\u021bi 5 sportivi din Bucure\u0219ti, Bistri\u021ba N\u0103s\u0103ud \u0219i Buz\u0103u, care sunt \u00eendruma\u021bi de reprezentan\u021bi ai Centrului Cultural al M.A.I.<\/p>\n<p style=\"text-align: justify;\">\u00cen urm\u0103toarele trei zile ace\u0219tia vor efectua un stagiu de preg\u0103tire la Centrul Olimpic de Tenis de Mas\u0103 de la Bistri\u021ba, urm\u00e2nd ca de joi s\u0103 participe la competi\u021bia european\u0103.<\/p>\n<p style=\"text-align: center;\">***<\/p>\n<p style=\"text-align: justify;\">Convocat \u00een lotul Jandarmeriei \u00eenc\u0103 din anul 2005, plutonierul adjutant C\u0103t\u0103lin Doncea a ob\u021binut de-a lungul timpului urm\u0103toarele rezultate \u00een finala campionatului de tenis de mas\u0103:<\/p>\n<ul>\n<li style=\"text-align: justify;\">Locul I \u00een anii 2019, 2018, 2017, 2016, 2015, 2013, 2012 \u0219i 2011;<\/li>\n<li style=\"text-align: justify;\">Locul al II-lea \u00een anii 2006 \u015fi 2005;<\/li>\n<li style=\"text-align: justify;\">Locul al III-lea \u00een anii 2014, 2010 \u0219i 2009.<\/li>\n<\/ul>\n<p>&nbsp;<\/p>\n","protected":false},"excerpt":{"rendered":"<p>Plutonierul adjutant<\/p>\n","protected":false},"author":1,"featured_media":0,"comment_status":"open","ping_status":"open","sticky":false,"template":"","format":"standard","meta":{"footnotes":""},"categories":[6],"tags":[],"class_list":["post-62841","post","type-post","status-publish","format-standard","hentry","category-breaking-news"],"_links":{"self":[{"href":"https:\/\/www.giurgiuveanul.ro\/stiri\/wp-json\/wp\/v2\/posts\/62841","targetHints":{"allow":["GET"]}}],"collection":[{"href":"https:\/\/www.giurgiuveanul.ro\/stiri\/wp-json\/wp\/v2\/posts"}],"about":[{"href":"https:\/\/www.giurgiuveanul.ro\/stiri\/wp-json\/wp\/v2\/types\/post"}],"author":[{"embeddable":true,"href":"https:\/\/www.giurgiuveanul.ro\/stiri\/wp-json\/wp\/v2\/users\/1"}],"replies":[{"embeddable":true,"href":"https:\/\/www.giurgiuveanul.ro\/stiri\/wp-json\/wp\/v2\/comments?post=62841"}],"version-history":[{"count":0,"href":"https:\/\/www.giurgiuveanul.ro\/stiri\/wp-json\/wp\/v2\/posts\/62841\/revisions"}],"wp:attachment":[{"href":"https:\/\/www.giurgiuveanul.ro\/stiri\/wp-json\/wp\/v2\/media?parent=62841"}],"wp:term":[{"taxonomy":"category","embeddable":true,"href":"https:\/\/www.giurgiuveanul.ro\/stiri\/wp-json\/wp\/v2\/categories?post=62841"},{"taxonomy":"post_tag","embeddable":true,"href":"https:\/\/www.giurgiuveanul.ro\/stiri\/wp-json\/wp\/v2\/tags?post=62841"}],"curies":[{"name":"wp","href":"https:\/\/api.w.org\/{rel}","templated":true}]}}